{"id":1564,"date":"2021-12-23T20:16:13","date_gmt":"2021-12-23T19:16:13","guid":{"rendered":"https:\/\/iesolapaz.educacion.navarra.es\/web\/?p=1564"},"modified":"2021-12-24T15:43:08","modified_gmt":"2021-12-24T14:43:08","slug":"belen-mannequin-challenge","status":"publish","type":"post","link":"https:\/\/iesolapaz.educacion.navarra.es\/web\/blog\/2021\/12\/23\/belen-mannequin-challenge\/","title":{"rendered":"Bel\u00e9n Mannequin Challenge"},"content":{"rendered":"\n<p>Como actividad conjunta para finalizar las clases antes de Navidad, los alumnos del IESO Cintru\u00e9nigo han formado parte de la representaci\u00f3n de un Bel\u00e9n viviente a modo de Ma<em>nnequin Challenge<\/em> o \u201ccuadro pl\u00e1stico\u201d dise\u00f1ado por escenas.<\/p>\n\n\n\n<p>La actividad, propuesta por el departamento de Religi\u00f3n del centro, fue llevada a cabo por muchos de los alumnos y coordinada por una buena parte del profesorado sin el cual no hubiera sido posible su realizaci\u00f3n y que, animados y con ganas de fomentar la creatividad y de hacer algo bonito, se prestaron generosamente a colaborar en su organizaci\u00f3n, figurando en algunos casos como parte de la propia puesta en escena.<\/p>\n\n\n\n<p>Aqu\u00ed tenemos el resultado definitivo, que m\u00e1s all\u00e1 de una agradable ma\u00f1ana, es el reflejo del inter\u00e9s, la buena disposici\u00f3n y el \u00e1nimo de nuestros adolescentes <em>cirboneros<\/em> que han trabajado juntos, en cooperaci\u00f3n y por un objetivo com\u00fan; visibilizando c\u00f3mo la dedicaci\u00f3n y compromiso de cada uno en hacer las cosas cuidadas y bien, repercute y afecta positivamente a los que tienen cerca, al pueblo donde viven y a la sociedad en general.<\/p>\n\n\n\n<p>\u00a1ENHORABUENA a todos! Que lo disfrut\u00e9is y\u2026 \u00a1\u00a1FELIZ NAVIDAD!!<\/p>\n\n\n\n<p>Enhorabuena a Mario Pardo profesor de religi\u00f3n del centro por la organizaci\u00f3n y desarrollo del manequin Challenge, excelente trabajo Mario !!!!<\/p>\n\n\n\n<figure class=\"wp-block-embed is-type-video is-provider-youtube wp-block-embed-youtube wp-embed-aspect-16-9 wp-has-aspect-ratio\"><div class=\"wp-block-embed__wrapper\">\n<iframe loading=\"lazy\" title=\"Bel\u00e9n Mannequin Challenge 2021   Cintru\u00e9nigo\" width=\"500\" height=\"281\" src=\"https:\/\/www.youtube.com\/embed\/XFv7kymbczE?feature=oembed\" frameborder=\"0\" allow=\"accelerometer; autoplay; clipboard-write; encrypted-media; gyroscope; picture-in-picture\" allowfullscreen><\/iframe>\n<\/div><\/figure>\n\n\n\n<p><\/p>\n","protected":false},"excerpt":{"rendered":"<p>Como actividad conjunta para finalizar las clases antes de Navidad, los alumnos del IESO Cintru\u00e9nigo han formado parte de la representaci\u00f3n de un Bel\u00e9n viviente a modo de Mannequin Challenge o \u201ccuadro pl\u00e1stico\u201d dise\u00f1ado por escenas. La actividad, propuesta por el departamento de Religi\u00f3n del centro, fue llevada a cabo por muchos de los alumnos [&hellip;]<\/p>\n","protected":false},"author":1,"featured_media":1570,"comment_status":"open","ping_status":"open","sticky":false,"template":"","format":"standard","meta":{"_genesis_hide_title":false,"_genesis_hide_breadcrumbs":false,"_genesis_hide_singular_image":false,"_genesis_hide_footer_widgets":false,"_genesis_custom_body_class":"","_genesis_custom_post_class":"","_genesis_layout":""},"categories":[1],"tags":[],"yoast_head":"<!-- This site is optimized with the Yoast SEO plugin v19.13 - https:\/\/yoast.com\/wordpress\/plugins\/seo\/ -->\n<title>Bel\u00e9n Mannequin Challenge - IESO La Paz de Cintru\u00e9nigo<\/title>\n<meta name=\"robots\" content=\"index, follow, max-snippet:-1, max-image-preview:large, max-video-preview:-1\" \/>\n<link rel=\"canonical\" href=\"https:\/\/iesolapaz.educacion.navarra.es\/web\/blog\/2021\/12\/23\/belen-mannequin-challenge\/\" \/>\n<meta property=\"og:locale\" content=\"es_ES\" \/>\n<meta property=\"og:type\" content=\"article\" \/>\n<meta property=\"og:title\" content=\"Bel\u00e9n Mannequin Challenge - IESO La Paz de Cintru\u00e9nigo\" \/>\n<meta property=\"og:description\" content=\"Como actividad conjunta para finalizar las clases antes de Navidad, los alumnos del IESO Cintru\u00e9nigo han formado parte de la representaci\u00f3n de un Bel\u00e9n viviente a modo de Mannequin Challenge o \u201ccuadro pl\u00e1stico\u201d dise\u00f1ado por escenas. La actividad, propuesta por el departamento de Religi\u00f3n del centro, fue llevada a cabo por muchos de los alumnos [&hellip;]\" \/>\n<meta property=\"og:url\" content=\"https:\/\/iesolapaz.educacion.navarra.es\/web\/blog\/2021\/12\/23\/belen-mannequin-challenge\/\" \/>\n<meta property=\"og:site_name\" content=\"IESO La Paz de Cintru\u00e9nigo\" \/>\n<meta property=\"article:published_time\" content=\"2021-12-23T19:16:13+00:00\" \/>\n<meta property=\"article:modified_time\" content=\"2021-12-24T14:43:08+00:00\" \/>\n<meta property=\"og:image\" content=\"https:\/\/iesolapaz.educacion.navarra.es\/web\/wp-content\/uploads\/2021\/12\/Captura-de-pantalla-2021-12-23-a-las-20.27.14.png\" \/>\n\t<meta property=\"og:image:width\" content=\"1440\" \/>\n\t<meta property=\"og:image:height\" content=\"445\" \/>\n\t<meta property=\"og:image:type\" content=\"image\/png\" \/>\n<meta name=\"author\" content=\"Administrador\" \/>\n<meta name=\"twitter:card\" content=\"summary_large_image\" \/>\n<meta name=\"twitter:label1\" content=\"Escrito por\" \/>\n\t<meta name=\"twitter:data1\" content=\"Administrador\" \/>\n\t<meta name=\"twitter:label2\" content=\"Tiempo de lectura\" \/>\n\t<meta name=\"twitter:data2\" content=\"1 minuto\" \/>\n<script type=\"application\/ld+json\" class=\"yoast-schema-graph\">{\"@context\":\"https:\/\/schema.org\",\"@graph\":[{\"@type\":\"WebPage\",\"@id\":\"https:\/\/iesolapaz.educacion.navarra.es\/web\/blog\/2021\/12\/23\/belen-mannequin-challenge\/\",\"url\":\"https:\/\/iesolapaz.educacion.navarra.es\/web\/blog\/2021\/12\/23\/belen-mannequin-challenge\/\",\"name\":\"Bel\u00e9n Mannequin Challenge - IESO La Paz de Cintru\u00e9nigo\",\"isPartOf\":{\"@id\":\"https:\/\/iesolapaz.educacion.navarra.es\/web\/#website\"},\"datePublished\":\"2021-12-23T19:16:13+00:00\",\"dateModified\":\"2021-12-24T14:43:08+00:00\",\"author\":{\"@id\":\"https:\/\/iesolapaz.educacion.navarra.es\/web\/#\/schema\/person\/0454bd136e2e88d19d61dc29db3c488c\"},\"breadcrumb\":{\"@id\":\"https:\/\/iesolapaz.educacion.navarra.es\/web\/blog\/2021\/12\/23\/belen-mannequin-challenge\/#breadcrumb\"},\"inLanguage\":\"es\",\"potentialAction\":[{\"@type\":\"ReadAction\",\"target\":[\"https:\/\/iesolapaz.educacion.navarra.es\/web\/blog\/2021\/12\/23\/belen-mannequin-challenge\/\"]}]},{\"@type\":\"BreadcrumbList\",\"@id\":\"https:\/\/iesolapaz.educacion.navarra.es\/web\/blog\/2021\/12\/23\/belen-mannequin-challenge\/#breadcrumb\",\"itemListElement\":[{\"@type\":\"ListItem\",\"position\":1,\"name\":\"Home\",\"item\":\"https:\/\/iesolapaz.educacion.navarra.es\/web\/\"},{\"@type\":\"ListItem\",\"position\":2,\"name\":\"Bel\u00e9n Mannequin Challenge\"}]},{\"@type\":\"WebSite\",\"@id\":\"https:\/\/iesolapaz.educacion.navarra.es\/web\/#website\",\"url\":\"https:\/\/iesolapaz.educacion.navarra.es\/web\/\",\"name\":\"IESO La Paz de Cintru\u00e9nigo\",\"description\":\"Sitio web del IESO La Paz de Cintru\u00e9nigo\",\"potentialAction\":[{\"@type\":\"SearchAction\",\"target\":{\"@type\":\"EntryPoint\",\"urlTemplate\":\"https:\/\/iesolapaz.educacion.navarra.es\/web\/?s={search_term_string}\"},\"query-input\":\"required name=search_term_string\"}],\"inLanguage\":\"es\"},{\"@type\":\"Person\",\"@id\":\"https:\/\/iesolapaz.educacion.navarra.es\/web\/#\/schema\/person\/0454bd136e2e88d19d61dc29db3c488c\",\"name\":\"Administrador\",\"image\":{\"@type\":\"ImageObject\",\"inLanguage\":\"es\",\"@id\":\"https:\/\/iesolapaz.educacion.navarra.es\/web\/#\/schema\/person\/image\/\",\"url\":\"https:\/\/secure.gravatar.com\/avatar\/3a6c7a49dbdb482aca57896eaf84d2e9?s=96&d=identicon&r=g\",\"contentUrl\":\"https:\/\/secure.gravatar.com\/avatar\/3a6c7a49dbdb482aca57896eaf84d2e9?s=96&d=identicon&r=g\",\"caption\":\"Administrador\"},\"url\":\"https:\/\/iesolapaz.educacion.navarra.es\/web\/blog\/author\/iesocintwpadmin\/\"}]}<\/script>\n<!-- \/ Yoast SEO plugin. -->","yoast_head_json":{"title":"Bel\u00e9n Mannequin Challenge - IESO La Paz de Cintru\u00e9nigo","robots":{"index":"index","follow":"follow","max-snippet":"max-snippet:-1","max-image-preview":"max-image-preview:large","max-video-preview":"max-video-preview:-1"},"canonical":"https:\/\/iesolapaz.educacion.navarra.es\/web\/blog\/2021\/12\/23\/belen-mannequin-challenge\/","og_locale":"es_ES","og_type":"article","og_title":"Bel\u00e9n Mannequin Challenge - IESO La Paz de Cintru\u00e9nigo","og_description":"Como actividad conjunta para finalizar las clases antes de Navidad, los alumnos del IESO Cintru\u00e9nigo han formado parte de la representaci\u00f3n de un Bel\u00e9n viviente a modo de Mannequin Challenge o \u201ccuadro pl\u00e1stico\u201d dise\u00f1ado por escenas. La actividad, propuesta por el departamento de Religi\u00f3n del centro, fue llevada a cabo por muchos de los alumnos [&hellip;]","og_url":"https:\/\/iesolapaz.educacion.navarra.es\/web\/blog\/2021\/12\/23\/belen-mannequin-challenge\/","og_site_name":"IESO La Paz de Cintru\u00e9nigo","article_published_time":"2021-12-23T19:16:13+00:00","article_modified_time":"2021-12-24T14:43:08+00:00","og_image":[{"width":1440,"height":445,"url":"https:\/\/iesolapaz.educacion.navarra.es\/web\/wp-content\/uploads\/2021\/12\/Captura-de-pantalla-2021-12-23-a-las-20.27.14.png","type":"image\/png"}],"author":"Administrador","twitter_card":"summary_large_image","twitter_misc":{"Escrito por":"Administrador","Tiempo de lectura":"1 minuto"},"schema":{"@context":"https:\/\/schema.org","@graph":[{"@type":"WebPage","@id":"https:\/\/iesolapaz.educacion.navarra.es\/web\/blog\/2021\/12\/23\/belen-mannequin-challenge\/","url":"https:\/\/iesolapaz.educacion.navarra.es\/web\/blog\/2021\/12\/23\/belen-mannequin-challenge\/","name":"Bel\u00e9n Mannequin Challenge - IESO La Paz de Cintru\u00e9nigo","isPartOf":{"@id":"https:\/\/iesolapaz.educacion.navarra.es\/web\/#website"},"datePublished":"2021-12-23T19:16:13+00:00","dateModified":"2021-12-24T14:43:08+00:00","author":{"@id":"https:\/\/iesolapaz.educacion.navarra.es\/web\/#\/schema\/person\/0454bd136e2e88d19d61dc29db3c488c"},"breadcrumb":{"@id":"https:\/\/iesolapaz.educacion.navarra.es\/web\/blog\/2021\/12\/23\/belen-mannequin-challenge\/#breadcrumb"},"inLanguage":"es","potentialAction":[{"@type":"ReadAction","target":["https:\/\/iesolapaz.educacion.navarra.es\/web\/blog\/2021\/12\/23\/belen-mannequin-challenge\/"]}]},{"@type":"BreadcrumbList","@id":"https:\/\/iesolapaz.educacion.navarra.es\/web\/blog\/2021\/12\/23\/belen-mannequin-challenge\/#breadcrumb","itemListElement":[{"@type":"ListItem","position":1,"name":"Home","item":"https:\/\/iesolapaz.educacion.navarra.es\/web\/"},{"@type":"ListItem","position":2,"name":"Bel\u00e9n Mannequin Challenge"}]},{"@type":"WebSite","@id":"https:\/\/iesolapaz.educacion.navarra.es\/web\/#website","url":"https:\/\/iesolapaz.educacion.navarra.es\/web\/","name":"IESO La Paz de Cintru\u00e9nigo","description":"Sitio web del IESO La Paz de Cintru\u00e9nigo","potentialAction":[{"@type":"SearchAction","target":{"@type":"EntryPoint","urlTemplate":"https:\/\/iesolapaz.educacion.navarra.es\/web\/?s={search_term_string}"},"query-input":"required name=search_term_string"}],"inLanguage":"es"},{"@type":"Person","@id":"https:\/\/iesolapaz.educacion.navarra.es\/web\/#\/schema\/person\/0454bd136e2e88d19d61dc29db3c488c","name":"Administrador","image":{"@type":"ImageObject","inLanguage":"es","@id":"https:\/\/iesolapaz.educacion.navarra.es\/web\/#\/schema\/person\/image\/","url":"https:\/\/secure.gravatar.com\/avatar\/3a6c7a49dbdb482aca57896eaf84d2e9?s=96&d=identicon&r=g","contentUrl":"https:\/\/secure.gravatar.com\/avatar\/3a6c7a49dbdb482aca57896eaf84d2e9?s=96&d=identicon&r=g","caption":"Administrador"},"url":"https:\/\/iesolapaz.educacion.navarra.es\/web\/blog\/author\/iesocintwpadmin\/"}]}},"featured_image_src":"https:\/\/iesolapaz.educacion.navarra.es\/web\/wp-content\/uploads\/2021\/12\/Captura-de-pantalla-2021-12-23-a-las-20.27.14-600x400.png","featured_image_src_square":"https:\/\/iesolapaz.educacion.navarra.es\/web\/wp-content\/uploads\/2021\/12\/Captura-de-pantalla-2021-12-23-a-las-20.27.14-600x445.png","author_info":{"display_name":"Administrador","author_link":"https:\/\/iesolapaz.educacion.navarra.es\/web\/blog\/author\/iesocintwpadmin\/"},"_links":{"self":[{"href":"https:\/\/iesolapaz.educacion.navarra.es\/web\/wp-json\/wp\/v2\/posts\/1564"}],"collection":[{"href":"https:\/\/iesolapaz.educacion.navarra.es\/web\/wp-json\/wp\/v2\/posts"}],"about":[{"href":"https:\/\/iesolapaz.educacion.navarra.es\/web\/wp-json\/wp\/v2\/types\/post"}],"author":[{"embeddable":true,"href":"https:\/\/iesolapaz.educacion.navarra.es\/web\/wp-json\/wp\/v2\/users\/1"}],"replies":[{"embeddable":true,"href":"https:\/\/iesolapaz.educacion.navarra.es\/web\/wp-json\/wp\/v2\/comments?post=1564"}],"version-history":[{"count":3,"href":"https:\/\/iesolapaz.educacion.navarra.es\/web\/wp-json\/wp\/v2\/posts\/1564\/revisions"}],"predecessor-version":[{"id":1573,"href":"https:\/\/iesolapaz.educacion.navarra.es\/web\/wp-json\/wp\/v2\/posts\/1564\/revisions\/1573"}],"wp:featuredmedia":[{"embeddable":true,"href":"https:\/\/iesolapaz.educacion.navarra.es\/web\/wp-json\/wp\/v2\/media\/1570"}],"wp:attachment":[{"href":"https:\/\/iesolapaz.educacion.navarra.es\/web\/wp-json\/wp\/v2\/media?parent=1564"}],"wp:term":[{"taxonomy":"category","embeddable":true,"href":"https:\/\/iesolapaz.educacion.navarra.es\/web\/wp-json\/wp\/v2\/categories?post=1564"},{"taxonomy":"post_tag","embeddable":true,"href":"https:\/\/iesolapaz.educacion.navarra.es\/web\/wp-json\/wp\/v2\/tags?post=1564"}],"curies":[{"name":"wp","href":"https:\/\/api.w.org\/{rel}","templated":true}]}}