{"id":2292,"date":"2023-05-09T08:31:31","date_gmt":"2023-05-09T06:31:31","guid":{"rendered":"https:\/\/iesolapaz.educacion.navarra.es\/web\/?p=2292"},"modified":"2023-05-09T08:31:32","modified_gmt":"2023-05-09T06:31:32","slug":"carrera-contra-el-hambre-2","status":"publish","type":"post","link":"https:\/\/iesolapaz.educacion.navarra.es\/web\/blog\/2023\/05\/09\/carrera-contra-el-hambre-2\/","title":{"rendered":"Carrera contra el hambre"},"content":{"rendered":"\n<p>El pasado 5 de abril cel\u00e9branos junto al IES Alhama de Corella la carrera contra el hambre. Fue una gran jornada de convicencia con una gran participaci\u00f3n  y entre todos conseguimos recaudar 1600 euros que se donar\u00e1n a la asociaci\u00f3n \u00abAcci\u00f3n contra el hambre\u00bb.<\/p>\n\n\n\n<p>Agradecer a las apymas de Corella y Cintru\u00e9nigo por su colaboraci\u00f3n e implicaci\u00f3n en la carrera y a todas las familias, alumnado y profesorado de ambos centros por su participaci\u00f3n. Volveremos el a\u00f1o que viene !!!!!!<\/p>\n\n\n\n<figure class=\"wp-block-gallery has-nested-images columns-default is-cropped\">\n<figure class=\"wp-block-image size-large\"><img loading=\"lazy\" width=\"668\" height=\"445\" data-id=\"2296\"  src=\"https:\/\/iesolapaz.educacion.navarra.es\/web\/wp-content\/uploads\/2023\/05\/IMG_7464.jpg\" alt=\"\" class=\"wp-image-2296\" srcset=\"https:\/\/iesolapaz.educacion.navarra.es\/web\/wp-content\/uploads\/2023\/05\/IMG_7464.jpg 668w, https:\/\/iesolapaz.educacion.navarra.es\/web\/wp-content\/uploads\/2023\/05\/IMG_7464-300x200.jpg 300w, https:\/\/iesolapaz.educacion.navarra.es\/web\/wp-content\/uploads\/2023\/05\/IMG_7464-600x400.jpg 600w\" sizes=\"(max-width: 668px) 100vw, 668px\" \/><\/figure>\n\n\n\n<figure class=\"wp-block-image size-large\"><img loading=\"lazy\" width=\"668\" height=\"445\" data-id=\"2295\"  src=\"https:\/\/iesolapaz.educacion.navarra.es\/web\/wp-content\/uploads\/2023\/05\/IMG_7413.jpg\" alt=\"\" class=\"wp-image-2295\" srcset=\"https:\/\/iesolapaz.educacion.navarra.es\/web\/wp-content\/uploads\/2023\/05\/IMG_7413.jpg 668w, https:\/\/iesolapaz.educacion.navarra.es\/web\/wp-content\/uploads\/2023\/05\/IMG_7413-300x200.jpg 300w, https:\/\/iesolapaz.educacion.navarra.es\/web\/wp-content\/uploads\/2023\/05\/IMG_7413-600x400.jpg 600w\" sizes=\"(max-width: 668px) 100vw, 668px\" \/><\/figure>\n\n\n\n<figure class=\"wp-block-image size-large\"><img loading=\"lazy\" width=\"939\" height=\"445\" data-id=\"2298\"  src=\"https:\/\/iesolapaz.educacion.navarra.es\/web\/wp-content\/uploads\/2023\/05\/20230405_111235.jpg\" alt=\"\" class=\"wp-image-2298\" srcset=\"https:\/\/iesolapaz.educacion.navarra.es\/web\/wp-content\/uploads\/2023\/05\/20230405_111235.jpg 939w, https:\/\/iesolapaz.educacion.navarra.es\/web\/wp-content\/uploads\/2023\/05\/20230405_111235-300x142.jpg 300w, https:\/\/iesolapaz.educacion.navarra.es\/web\/wp-content\/uploads\/2023\/05\/20230405_111235-768x364.jpg 768w\" sizes=\"(max-width: 939px) 100vw, 939px\" \/><\/figure>\n\n\n\n<figure class=\"wp-block-image size-large\"><img loading=\"lazy\" width=\"939\" height=\"445\" data-id=\"2299\"  src=\"https:\/\/iesolapaz.educacion.navarra.es\/web\/wp-content\/uploads\/2023\/05\/20230405_111515.jpg\" alt=\"\" class=\"wp-image-2299\" srcset=\"https:\/\/iesolapaz.educacion.navarra.es\/web\/wp-content\/uploads\/2023\/05\/20230405_111515.jpg 939w, https:\/\/iesolapaz.educacion.navarra.es\/web\/wp-content\/uploads\/2023\/05\/20230405_111515-300x142.jpg 300w, https:\/\/iesolapaz.educacion.navarra.es\/web\/wp-content\/uploads\/2023\/05\/20230405_111515-768x364.jpg 768w\" sizes=\"(max-width: 939px) 100vw, 939px\" \/><\/figure>\n\n\n\n<figure class=\"wp-block-image size-large\"><img loading=\"lazy\" width=\"668\" height=\"445\" data-id=\"2297\"  src=\"https:\/\/iesolapaz.educacion.navarra.es\/web\/wp-content\/uploads\/2023\/05\/IMG_7375.jpg\" alt=\"\" class=\"wp-image-2297\" srcset=\"https:\/\/iesolapaz.educacion.navarra.es\/web\/wp-content\/uploads\/2023\/05\/IMG_7375.jpg 668w, https:\/\/iesolapaz.educacion.navarra.es\/web\/wp-content\/uploads\/2023\/05\/IMG_7375-300x200.jpg 300w, https:\/\/iesolapaz.educacion.navarra.es\/web\/wp-content\/uploads\/2023\/05\/IMG_7375-600x400.jpg 600w\" sizes=\"(max-width: 668px) 100vw, 668px\" \/><\/figure>\n\n\n\n<figure class=\"wp-block-image size-large\"><img loading=\"lazy\" width=\"668\" height=\"445\" data-id=\"2294\"  src=\"https:\/\/iesolapaz.educacion.navarra.es\/web\/wp-content\/uploads\/2023\/05\/IMG_7409.jpg\" alt=\"\" class=\"wp-image-2294\" srcset=\"https:\/\/iesolapaz.educacion.navarra.es\/web\/wp-content\/uploads\/2023\/05\/IMG_7409.jpg 668w, https:\/\/iesolapaz.educacion.navarra.es\/web\/wp-content\/uploads\/2023\/05\/IMG_7409-300x200.jpg 300w, https:\/\/iesolapaz.educacion.navarra.es\/web\/wp-content\/uploads\/2023\/05\/IMG_7409-600x400.jpg 600w\" sizes=\"(max-width: 668px) 100vw, 668px\" \/><\/figure>\n\n\n\n<figure class=\"wp-block-image size-large\"><img loading=\"lazy\" width=\"939\" height=\"445\" data-id=\"2300\"  src=\"https:\/\/iesolapaz.educacion.navarra.es\/web\/wp-content\/uploads\/2023\/05\/20230405_105841.jpg\" alt=\"\" class=\"wp-image-2300\" srcset=\"https:\/\/iesolapaz.educacion.navarra.es\/web\/wp-content\/uploads\/2023\/05\/20230405_105841.jpg 939w, https:\/\/iesolapaz.educacion.navarra.es\/web\/wp-content\/uploads\/2023\/05\/20230405_105841-300x142.jpg 300w, https:\/\/iesolapaz.educacion.navarra.es\/web\/wp-content\/uploads\/2023\/05\/20230405_105841-768x364.jpg 768w\" sizes=\"(max-width: 939px) 100vw, 939px\" \/><\/figure>\n\n\n\n<figure class=\"wp-block-image size-large\"><img loading=\"lazy\" width=\"939\" height=\"445\" data-id=\"2301\"  src=\"https:\/\/iesolapaz.educacion.navarra.es\/web\/wp-content\/uploads\/2023\/05\/20230405_105838.jpg\" alt=\"\" class=\"wp-image-2301\" srcset=\"https:\/\/iesolapaz.educacion.navarra.es\/web\/wp-content\/uploads\/2023\/05\/20230405_105838.jpg 939w, https:\/\/iesolapaz.educacion.navarra.es\/web\/wp-content\/uploads\/2023\/05\/20230405_105838-300x142.jpg 300w, https:\/\/iesolapaz.educacion.navarra.es\/web\/wp-content\/uploads\/2023\/05\/20230405_105838-768x364.jpg 768w\" sizes=\"(max-width: 939px) 100vw, 939px\" \/><\/figure>\n\n\n\n<figure class=\"wp-block-image size-large\"><img loading=\"lazy\" width=\"939\" height=\"445\" data-id=\"2302\"  src=\"https:\/\/iesolapaz.educacion.navarra.es\/web\/wp-content\/uploads\/2023\/05\/20230405_105835.jpg\" alt=\"\" class=\"wp-image-2302\" srcset=\"https:\/\/iesolapaz.educacion.navarra.es\/web\/wp-content\/uploads\/2023\/05\/20230405_105835.jpg 939w, https:\/\/iesolapaz.educacion.navarra.es\/web\/wp-content\/uploads\/2023\/05\/20230405_105835-300x142.jpg 300w, https:\/\/iesolapaz.educacion.navarra.es\/web\/wp-content\/uploads\/2023\/05\/20230405_105835-768x364.jpg 768w\" sizes=\"(max-width: 939px) 100vw, 939px\" \/><\/figure>\n\n\n\n<figure class=\"wp-block-image size-large\"><img loading=\"lazy\" width=\"668\" height=\"445\" data-id=\"2303\"  src=\"https:\/\/iesolapaz.educacion.navarra.es\/web\/wp-content\/uploads\/2023\/05\/IMG_7691.jpg\" alt=\"\" class=\"wp-image-2303\" srcset=\"https:\/\/iesolapaz.educacion.navarra.es\/web\/wp-content\/uploads\/2023\/05\/IMG_7691.jpg 668w, https:\/\/iesolapaz.educacion.navarra.es\/web\/wp-content\/uploads\/2023\/05\/IMG_7691-300x200.jpg 300w, https:\/\/iesolapaz.educacion.navarra.es\/web\/wp-content\/uploads\/2023\/05\/IMG_7691-600x400.jpg 600w\" sizes=\"(max-width: 668px) 100vw, 668px\" \/><\/figure>\n<\/figure>\n","protected":false},"excerpt":{"rendered":"<p>El pasado 5 de abril cel\u00e9branos junto al IES Alhama de Corella la carrera contra el hambre. Fue una gran jornada de convicencia con una gran participaci\u00f3n y entre todos conseguimos recaudar 1600 euros que se donar\u00e1n a la asociaci\u00f3n \u00abAcci\u00f3n contra el hambre\u00bb. Agradecer a las apymas de Corella y Cintru\u00e9nigo por su colaboraci\u00f3n [&hellip;]<\/p>\n","protected":false},"author":1,"featured_media":2293,"comment_status":"open","ping_status":"open","sticky":false,"template":"","format":"standard","meta":{"_genesis_hide_title":false,"_genesis_hide_breadcrumbs":false,"_genesis_hide_singular_image":false,"_genesis_hide_footer_widgets":false,"_genesis_custom_body_class":"","_genesis_custom_post_class":"","_genesis_layout":""},"categories":[1],"tags":[],"yoast_head":"<!-- This site is optimized with the Yoast SEO plugin v19.13 - https:\/\/yoast.com\/wordpress\/plugins\/seo\/ -->\n<title>Carrera contra el hambre - IESO La Paz de Cintru\u00e9nigo<\/title>\n<meta name=\"robots\" content=\"index, follow, max-snippet:-1, max-image-preview:large, max-video-preview:-1\" \/>\n<link rel=\"canonical\" href=\"https:\/\/iesolapaz.educacion.navarra.es\/web\/blog\/2023\/05\/09\/carrera-contra-el-hambre-2\/\" \/>\n<meta property=\"og:locale\" content=\"es_ES\" \/>\n<meta property=\"og:type\" content=\"article\" \/>\n<meta property=\"og:title\" content=\"Carrera contra el hambre - IESO La Paz de Cintru\u00e9nigo\" \/>\n<meta property=\"og:description\" content=\"El pasado 5 de abril cel\u00e9branos junto al IES Alhama de Corella la carrera contra el hambre. Fue una gran jornada de convicencia con una gran participaci\u00f3n y entre todos conseguimos recaudar 1600 euros que se donar\u00e1n a la asociaci\u00f3n \u00abAcci\u00f3n contra el hambre\u00bb. Agradecer a las apymas de Corella y Cintru\u00e9nigo por su colaboraci\u00f3n [&hellip;]\" \/>\n<meta property=\"og:url\" content=\"https:\/\/iesolapaz.educacion.navarra.es\/web\/blog\/2023\/05\/09\/carrera-contra-el-hambre-2\/\" \/>\n<meta property=\"og:site_name\" content=\"IESO La Paz de Cintru\u00e9nigo\" \/>\n<meta property=\"article:published_time\" content=\"2023-05-09T06:31:31+00:00\" \/>\n<meta property=\"article:modified_time\" content=\"2023-05-09T06:31:32+00:00\" \/>\n<meta property=\"og:image\" content=\"https:\/\/iesolapaz.educacion.navarra.es\/web\/wp-content\/uploads\/2023\/05\/Captura-de-Pantalla-2023-05-09-a-las-8.20.33.png\" \/>\n\t<meta property=\"og:image:width\" content=\"887\" \/>\n\t<meta property=\"og:image:height\" content=\"445\" \/>\n\t<meta property=\"og:image:type\" content=\"image\/png\" \/>\n<meta name=\"author\" content=\"Administrador\" \/>\n<meta name=\"twitter:card\" content=\"summary_large_image\" \/>\n<meta name=\"twitter:label1\" content=\"Escrito por\" \/>\n\t<meta name=\"twitter:data1\" content=\"Administrador\" \/>\n\t<meta name=\"twitter:label2\" content=\"Tiempo de lectura\" \/>\n\t<meta name=\"twitter:data2\" content=\"3 minutos\" \/>\n<script type=\"application\/ld+json\" class=\"yoast-schema-graph\">{\"@context\":\"https:\/\/schema.org\",\"@graph\":[{\"@type\":\"WebPage\",\"@id\":\"https:\/\/iesolapaz.educacion.navarra.es\/web\/blog\/2023\/05\/09\/carrera-contra-el-hambre-2\/\",\"url\":\"https:\/\/iesolapaz.educacion.navarra.es\/web\/blog\/2023\/05\/09\/carrera-contra-el-hambre-2\/\",\"name\":\"Carrera contra el hambre - IESO La Paz de Cintru\u00e9nigo\",\"isPartOf\":{\"@id\":\"https:\/\/iesolapaz.educacion.navarra.es\/web\/#website\"},\"datePublished\":\"2023-05-09T06:31:31+00:00\",\"dateModified\":\"2023-05-09T06:31:32+00:00\",\"author\":{\"@id\":\"https:\/\/iesolapaz.educacion.navarra.es\/web\/#\/schema\/person\/0454bd136e2e88d19d61dc29db3c488c\"},\"breadcrumb\":{\"@id\":\"https:\/\/iesolapaz.educacion.navarra.es\/web\/blog\/2023\/05\/09\/carrera-contra-el-hambre-2\/#breadcrumb\"},\"inLanguage\":\"es\",\"potentialAction\":[{\"@type\":\"ReadAction\",\"target\":[\"https:\/\/iesolapaz.educacion.navarra.es\/web\/blog\/2023\/05\/09\/carrera-contra-el-hambre-2\/\"]}]},{\"@type\":\"BreadcrumbList\",\"@id\":\"https:\/\/iesolapaz.educacion.navarra.es\/web\/blog\/2023\/05\/09\/carrera-contra-el-hambre-2\/#breadcrumb\",\"itemListElement\":[{\"@type\":\"ListItem\",\"position\":1,\"name\":\"Home\",\"item\":\"https:\/\/iesolapaz.educacion.navarra.es\/web\/\"},{\"@type\":\"ListItem\",\"position\":2,\"name\":\"Carrera contra el hambre\"}]},{\"@type\":\"WebSite\",\"@id\":\"https:\/\/iesolapaz.educacion.navarra.es\/web\/#website\",\"url\":\"https:\/\/iesolapaz.educacion.navarra.es\/web\/\",\"name\":\"IESO La Paz de Cintru\u00e9nigo\",\"description\":\"Sitio web del IESO La Paz de Cintru\u00e9nigo\",\"potentialAction\":[{\"@type\":\"SearchAction\",\"target\":{\"@type\":\"EntryPoint\",\"urlTemplate\":\"https:\/\/iesolapaz.educacion.navarra.es\/web\/?s={search_term_string}\"},\"query-input\":\"required name=search_term_string\"}],\"inLanguage\":\"es\"},{\"@type\":\"Person\",\"@id\":\"https:\/\/iesolapaz.educacion.navarra.es\/web\/#\/schema\/person\/0454bd136e2e88d19d61dc29db3c488c\",\"name\":\"Administrador\",\"image\":{\"@type\":\"ImageObject\",\"inLanguage\":\"es\",\"@id\":\"https:\/\/iesolapaz.educacion.navarra.es\/web\/#\/schema\/person\/image\/\",\"url\":\"https:\/\/secure.gravatar.com\/avatar\/3a6c7a49dbdb482aca57896eaf84d2e9?s=96&d=identicon&r=g\",\"contentUrl\":\"https:\/\/secure.gravatar.com\/avatar\/3a6c7a49dbdb482aca57896eaf84d2e9?s=96&d=identicon&r=g\",\"caption\":\"Administrador\"},\"url\":\"https:\/\/iesolapaz.educacion.navarra.es\/web\/blog\/author\/iesocintwpadmin\/\"}]}<\/script>\n<!-- \/ Yoast SEO plugin. -->","yoast_head_json":{"title":"Carrera contra el hambre - IESO La Paz de Cintru\u00e9nigo","robots":{"index":"index","follow":"follow","max-snippet":"max-snippet:-1","max-image-preview":"max-image-preview:large","max-video-preview":"max-video-preview:-1"},"canonical":"https:\/\/iesolapaz.educacion.navarra.es\/web\/blog\/2023\/05\/09\/carrera-contra-el-hambre-2\/","og_locale":"es_ES","og_type":"article","og_title":"Carrera contra el hambre - IESO La Paz de Cintru\u00e9nigo","og_description":"El pasado 5 de abril cel\u00e9branos junto al IES Alhama de Corella la carrera contra el hambre. Fue una gran jornada de convicencia con una gran participaci\u00f3n y entre todos conseguimos recaudar 1600 euros que se donar\u00e1n a la asociaci\u00f3n \u00abAcci\u00f3n contra el hambre\u00bb. Agradecer a las apymas de Corella y Cintru\u00e9nigo por su colaboraci\u00f3n [&hellip;]","og_url":"https:\/\/iesolapaz.educacion.navarra.es\/web\/blog\/2023\/05\/09\/carrera-contra-el-hambre-2\/","og_site_name":"IESO La Paz de Cintru\u00e9nigo","article_published_time":"2023-05-09T06:31:31+00:00","article_modified_time":"2023-05-09T06:31:32+00:00","og_image":[{"width":887,"height":445,"url":"https:\/\/iesolapaz.educacion.navarra.es\/web\/wp-content\/uploads\/2023\/05\/Captura-de-Pantalla-2023-05-09-a-las-8.20.33.png","type":"image\/png"}],"author":"Administrador","twitter_card":"summary_large_image","twitter_misc":{"Escrito por":"Administrador","Tiempo de lectura":"3 minutos"},"schema":{"@context":"https:\/\/schema.org","@graph":[{"@type":"WebPage","@id":"https:\/\/iesolapaz.educacion.navarra.es\/web\/blog\/2023\/05\/09\/carrera-contra-el-hambre-2\/","url":"https:\/\/iesolapaz.educacion.navarra.es\/web\/blog\/2023\/05\/09\/carrera-contra-el-hambre-2\/","name":"Carrera contra el hambre - IESO La Paz de Cintru\u00e9nigo","isPartOf":{"@id":"https:\/\/iesolapaz.educacion.navarra.es\/web\/#website"},"datePublished":"2023-05-09T06:31:31+00:00","dateModified":"2023-05-09T06:31:32+00:00","author":{"@id":"https:\/\/iesolapaz.educacion.navarra.es\/web\/#\/schema\/person\/0454bd136e2e88d19d61dc29db3c488c"},"breadcrumb":{"@id":"https:\/\/iesolapaz.educacion.navarra.es\/web\/blog\/2023\/05\/09\/carrera-contra-el-hambre-2\/#breadcrumb"},"inLanguage":"es","potentialAction":[{"@type":"ReadAction","target":["https:\/\/iesolapaz.educacion.navarra.es\/web\/blog\/2023\/05\/09\/carrera-contra-el-hambre-2\/"]}]},{"@type":"BreadcrumbList","@id":"https:\/\/iesolapaz.educacion.navarra.es\/web\/blog\/2023\/05\/09\/carrera-contra-el-hambre-2\/#breadcrumb","itemListElement":[{"@type":"ListItem","position":1,"name":"Home","item":"https:\/\/iesolapaz.educacion.navarra.es\/web\/"},{"@type":"ListItem","position":2,"name":"Carrera contra el hambre"}]},{"@type":"WebSite","@id":"https:\/\/iesolapaz.educacion.navarra.es\/web\/#website","url":"https:\/\/iesolapaz.educacion.navarra.es\/web\/","name":"IESO La Paz de Cintru\u00e9nigo","description":"Sitio web del IESO La Paz de Cintru\u00e9nigo","potentialAction":[{"@type":"SearchAction","target":{"@type":"EntryPoint","urlTemplate":"https:\/\/iesolapaz.educacion.navarra.es\/web\/?s={search_term_string}"},"query-input":"required name=search_term_string"}],"inLanguage":"es"},{"@type":"Person","@id":"https:\/\/iesolapaz.educacion.navarra.es\/web\/#\/schema\/person\/0454bd136e2e88d19d61dc29db3c488c","name":"Administrador","image":{"@type":"ImageObject","inLanguage":"es","@id":"https:\/\/iesolapaz.educacion.navarra.es\/web\/#\/schema\/person\/image\/","url":"https:\/\/secure.gravatar.com\/avatar\/3a6c7a49dbdb482aca57896eaf84d2e9?s=96&d=identicon&r=g","contentUrl":"https:\/\/secure.gravatar.com\/avatar\/3a6c7a49dbdb482aca57896eaf84d2e9?s=96&d=identicon&r=g","caption":"Administrador"},"url":"https:\/\/iesolapaz.educacion.navarra.es\/web\/blog\/author\/iesocintwpadmin\/"}]}},"featured_image_src":"https:\/\/iesolapaz.educacion.navarra.es\/web\/wp-content\/uploads\/2023\/05\/Captura-de-Pantalla-2023-05-09-a-las-8.20.33-600x400.png","featured_image_src_square":"https:\/\/iesolapaz.educacion.navarra.es\/web\/wp-content\/uploads\/2023\/05\/Captura-de-Pantalla-2023-05-09-a-las-8.20.33-600x445.png","author_info":{"display_name":"Administrador","author_link":"https:\/\/iesolapaz.educacion.navarra.es\/web\/blog\/author\/iesocintwpadmin\/"},"_links":{"self":[{"href":"https:\/\/iesolapaz.educacion.navarra.es\/web\/wp-json\/wp\/v2\/posts\/2292"}],"collection":[{"href":"https:\/\/iesolapaz.educacion.navarra.es\/web\/wp-json\/wp\/v2\/posts"}],"about":[{"href":"https:\/\/iesolapaz.educacion.navarra.es\/web\/wp-json\/wp\/v2\/types\/post"}],"author":[{"embeddable":true,"href":"https:\/\/iesolapaz.educacion.navarra.es\/web\/wp-json\/wp\/v2\/users\/1"}],"replies":[{"embeddable":true,"href":"https:\/\/iesolapaz.educacion.navarra.es\/web\/wp-json\/wp\/v2\/comments?post=2292"}],"version-history":[{"count":1,"href":"https:\/\/iesolapaz.educacion.navarra.es\/web\/wp-json\/wp\/v2\/posts\/2292\/revisions"}],"predecessor-version":[{"id":2304,"href":"https:\/\/iesolapaz.educacion.navarra.es\/web\/wp-json\/wp\/v2\/posts\/2292\/revisions\/2304"}],"wp:featuredmedia":[{"embeddable":true,"href":"https:\/\/iesolapaz.educacion.navarra.es\/web\/wp-json\/wp\/v2\/media\/2293"}],"wp:attachment":[{"href":"https:\/\/iesolapaz.educacion.navarra.es\/web\/wp-json\/wp\/v2\/media?parent=2292"}],"wp:term":[{"taxonomy":"category","embeddable":true,"href":"https:\/\/iesolapaz.educacion.navarra.es\/web\/wp-json\/wp\/v2\/categories?post=2292"},{"taxonomy":"post_tag","embeddable":true,"href":"https:\/\/iesolapaz.educacion.navarra.es\/web\/wp-json\/wp\/v2\/tags?post=2292"}],"curies":[{"name":"wp","href":"https:\/\/api.w.org\/{rel}","templated":true}]}}