{"id":2328,"date":"2023-05-15T10:33:54","date_gmt":"2023-05-15T08:33:54","guid":{"rendered":"https:\/\/iesolapaz.educacion.navarra.es\/web\/?p=2328"},"modified":"2023-05-15T10:33:54","modified_gmt":"2023-05-15T08:33:54","slug":"semana-del-libro-2","status":"publish","type":"post","link":"https:\/\/iesolapaz.educacion.navarra.es\/web\/blog\/2023\/05\/15\/semana-del-libro-2\/","title":{"rendered":"Semana del Libro"},"content":{"rendered":"\n<p>El tema elegido este a\u00f1o para conmemorar la Semana del Libro ha sido \u201cLa prensa\u201d. En torno a este motivo , nuestros alumnos han elaborado diferentes trabajos que han decorado las paredes de nuestro centro: peri\u00f3dicos espa\u00f1oles y de otros pa\u00edses, periodistas, portadas de peri\u00f3dicos, hor\u00f3scopo\u2026 Adem\u00e1s,&nbsp; desde el 24 al 28 de abril , en la biblioteca pudo visitarse&nbsp; durante los recreos una exposici\u00f3n sobre prensa nacional e internacional.&nbsp;<\/p>\n\n\n\n<p>Por otro lado, el mi\u00e9rcoles 26 de abril algunos alumnos de 4\u00ba ofrecieron una sesi\u00f3n de cuentacuentos a los alumnos de 1\u00ba de primaria del CEIP Otero de Navascu\u00e9s. Y el viernes 28, los alumnos de la materia Taller de artes esc\u00e9nicas representaron para estos mismos grupos 3 obras con t\u00edteres.&nbsp;<\/p>\n\n\n\n<p>Por \u00faltimo, se convoc\u00f3 el II Certamen Literario de \u201cMicrorrelatos animados\u201d. Estos son los trabajos premiados:&nbsp;<\/p>\n\n\n\n<p><strong>Mejor microrrelato en lengua castellana:&nbsp;<\/strong><\/p>\n\n\n\n<p><strong><em>Viaje<\/em><\/strong><\/p>\n\n\n\n<p><em>Est\u00e1 todo muy oscuro, pero hay infinitas estrellas. Hay muchas nebulosas y cometas, los planetas me sonr\u00eden mientras me gu\u00edan hacia otra galaxia. Saliendo de la V\u00eda L\u00e1ctea, visit\u00e9 Andr\u00f3meda; me salud\u00f3. Me re\u00ed y me divert\u00ed pero entonces lo empec\u00e9 a ver todo borroso y el universo se rompi\u00f3 en pedazos, los planetas desaparecieron junto a las estrellas emborronados en tinta negra. El hecho ha sido tan triste que es cuando me doy cuenta de que se me rompi\u00f3 la pluma y que tengo que repetir mi historia del Universo.<\/em><\/p>\n\n\n\n<p>Sof\u00eda H. (2D)<\/p>\n\n\n\n<p><strong>Mejor microrrelato en lengua inglesa<\/strong><\/p>\n\n\n\n<p><strong><em>Life or death?<\/em><\/strong><\/p>\n\n\n\n<p><em>How come they were afraid of you before and now they just want to leave with you? He asks life to death.<\/em><\/p>\n\n\n\n<p>(\u00bfC\u00f3mo es que antes te ten\u00edan miedo y ahora solo quieren irse contigo? -le pregunta la vida a la muerte.)<\/p>\n\n\n\n<p>Khadija A. (4\u00baA)<\/p>\n\n\n\n<p><strong>Mejor microrrelato en lengua francesa<\/strong><\/p>\n\n\n\n<p><strong><em>\u00abD\u00e9sireux de vivre\u00bb.<\/em><\/strong><\/p>\n\n\n\n<p><em>Il \u00e9tait si d\u00e9sireux de vivre qu\u2019il a oubli\u00e9 de regarder \u00e0 deux fois avant de traverser la rue.<\/em><\/p>\n\n\n\n<p>(Ten\u00eda tantas ganas de vivir que se le olvid\u00f3 mirar dos veces antes de cruzar la calle.)<\/p>\n\n\n\n<p>Khadija A. (4\u00baA)<\/p>\n\n\n\n<p><strong>Mejor animaci\u00f3n<\/strong><\/p>\n\n\n\n<p><strong><em>Un mundo diferente<\/em><\/strong><\/p>\n\n\n\n<p><em>El mundo poco a poco se est\u00e1 destruyendo debido al cambio clim\u00e1tico. Si la temperatura aumenta 2 grados, no podremos comer ese delicioso desayuno acompa\u00f1ado de miel, porque las abejas desaparecer\u00e1n.Adem\u00e1s, no se podr\u00e1 vivir nunca m\u00e1s en el sur de Espa\u00f1a.&nbsp; Si pudi\u00e9semos retroceder el tiempo, sabiendo lo que sabemos, dejar\u00edamos de actuar as\u00ed, y , a la Tierra le costar\u00eda m\u00e1s dejar de existir.<\/em><\/p>\n\n\n\n<p>Aitor J. (3\u00baD)<\/p>\n\n\n\n<p>Enhorabuena a tod@s !!!!!!<\/p>\n\n\n\n<p class=\"has-medium-font-size\"><a href=\"https:\/\/photos.app.goo.gl\/GPf2mLMYLfcf8cpt5\" target=\"_blank\" rel=\"noreferrer noopener\"><strong>M\u00e1s Fotos<\/strong><\/a><\/p>\n","protected":false},"excerpt":{"rendered":"<p>El tema elegido este a\u00f1o para conmemorar la Semana del Libro ha sido \u201cLa prensa\u201d. En torno a este motivo , nuestros alumnos han elaborado diferentes trabajos que han decorado las paredes de nuestro centro: peri\u00f3dicos espa\u00f1oles y de otros pa\u00edses, periodistas, portadas de peri\u00f3dicos, hor\u00f3scopo\u2026 Adem\u00e1s,&nbsp; desde el 24 al 28 de abril , [&hellip;]<\/p>\n","protected":false},"author":1,"featured_media":2329,"comment_status":"open","ping_status":"open","sticky":false,"template":"","format":"standard","meta":{"_genesis_hide_title":false,"_genesis_hide_breadcrumbs":false,"_genesis_hide_singular_image":false,"_genesis_hide_footer_widgets":false,"_genesis_custom_body_class":"","_genesis_custom_post_class":"","_genesis_layout":""},"categories":[1],"tags":[],"yoast_head":"<!-- This site is optimized with the Yoast SEO plugin v19.13 - https:\/\/yoast.com\/wordpress\/plugins\/seo\/ -->\n<title>Semana del Libro - IESO La Paz de Cintru\u00e9nigo<\/title>\n<meta name=\"robots\" content=\"index, follow, max-snippet:-1, max-image-preview:large, max-video-preview:-1\" \/>\n<link rel=\"canonical\" href=\"https:\/\/iesolapaz.educacion.navarra.es\/web\/blog\/2023\/05\/15\/semana-del-libro-2\/\" \/>\n<meta property=\"og:locale\" content=\"es_ES\" \/>\n<meta property=\"og:type\" content=\"article\" \/>\n<meta property=\"og:title\" content=\"Semana del Libro - IESO La Paz de Cintru\u00e9nigo\" \/>\n<meta property=\"og:description\" content=\"El tema elegido este a\u00f1o para conmemorar la Semana del Libro ha sido \u201cLa prensa\u201d. En torno a este motivo , nuestros alumnos han elaborado diferentes trabajos que han decorado las paredes de nuestro centro: peri\u00f3dicos espa\u00f1oles y de otros pa\u00edses, periodistas, portadas de peri\u00f3dicos, hor\u00f3scopo\u2026 Adem\u00e1s,&nbsp; desde el 24 al 28 de abril , [&hellip;]\" \/>\n<meta property=\"og:url\" content=\"https:\/\/iesolapaz.educacion.navarra.es\/web\/blog\/2023\/05\/15\/semana-del-libro-2\/\" \/>\n<meta property=\"og:site_name\" content=\"IESO La Paz de Cintru\u00e9nigo\" \/>\n<meta property=\"article:published_time\" content=\"2023-05-15T08:33:54+00:00\" \/>\n<meta property=\"og:image\" content=\"https:\/\/iesolapaz.educacion.navarra.es\/web\/wp-content\/uploads\/2023\/05\/Captura.jpg\" \/>\n\t<meta property=\"og:image:width\" content=\"1072\" \/>\n\t<meta property=\"og:image:height\" content=\"474\" \/>\n\t<meta property=\"og:image:type\" content=\"image\/jpeg\" \/>\n<meta name=\"author\" content=\"Administrador\" \/>\n<meta name=\"twitter:card\" content=\"summary_large_image\" \/>\n<meta name=\"twitter:label1\" content=\"Escrito por\" \/>\n\t<meta name=\"twitter:data1\" content=\"Administrador\" \/>\n\t<meta name=\"twitter:label2\" content=\"Tiempo de lectura\" \/>\n\t<meta name=\"twitter:data2\" content=\"2 minutos\" \/>\n<script type=\"application\/ld+json\" class=\"yoast-schema-graph\">{\"@context\":\"https:\/\/schema.org\",\"@graph\":[{\"@type\":\"WebPage\",\"@id\":\"https:\/\/iesolapaz.educacion.navarra.es\/web\/blog\/2023\/05\/15\/semana-del-libro-2\/\",\"url\":\"https:\/\/iesolapaz.educacion.navarra.es\/web\/blog\/2023\/05\/15\/semana-del-libro-2\/\",\"name\":\"Semana del Libro - IESO La Paz de Cintru\u00e9nigo\",\"isPartOf\":{\"@id\":\"https:\/\/iesolapaz.educacion.navarra.es\/web\/#website\"},\"datePublished\":\"2023-05-15T08:33:54+00:00\",\"dateModified\":\"2023-05-15T08:33:54+00:00\",\"author\":{\"@id\":\"https:\/\/iesolapaz.educacion.navarra.es\/web\/#\/schema\/person\/0454bd136e2e88d19d61dc29db3c488c\"},\"breadcrumb\":{\"@id\":\"https:\/\/iesolapaz.educacion.navarra.es\/web\/blog\/2023\/05\/15\/semana-del-libro-2\/#breadcrumb\"},\"inLanguage\":\"es\",\"potentialAction\":[{\"@type\":\"ReadAction\",\"target\":[\"https:\/\/iesolapaz.educacion.navarra.es\/web\/blog\/2023\/05\/15\/semana-del-libro-2\/\"]}]},{\"@type\":\"BreadcrumbList\",\"@id\":\"https:\/\/iesolapaz.educacion.navarra.es\/web\/blog\/2023\/05\/15\/semana-del-libro-2\/#breadcrumb\",\"itemListElement\":[{\"@type\":\"ListItem\",\"position\":1,\"name\":\"Home\",\"item\":\"https:\/\/iesolapaz.educacion.navarra.es\/web\/\"},{\"@type\":\"ListItem\",\"position\":2,\"name\":\"Semana del Libro\"}]},{\"@type\":\"WebSite\",\"@id\":\"https:\/\/iesolapaz.educacion.navarra.es\/web\/#website\",\"url\":\"https:\/\/iesolapaz.educacion.navarra.es\/web\/\",\"name\":\"IESO La Paz de Cintru\u00e9nigo\",\"description\":\"Sitio web del IESO La Paz de Cintru\u00e9nigo\",\"potentialAction\":[{\"@type\":\"SearchAction\",\"target\":{\"@type\":\"EntryPoint\",\"urlTemplate\":\"https:\/\/iesolapaz.educacion.navarra.es\/web\/?s={search_term_string}\"},\"query-input\":\"required name=search_term_string\"}],\"inLanguage\":\"es\"},{\"@type\":\"Person\",\"@id\":\"https:\/\/iesolapaz.educacion.navarra.es\/web\/#\/schema\/person\/0454bd136e2e88d19d61dc29db3c488c\",\"name\":\"Administrador\",\"image\":{\"@type\":\"ImageObject\",\"inLanguage\":\"es\",\"@id\":\"https:\/\/iesolapaz.educacion.navarra.es\/web\/#\/schema\/person\/image\/\",\"url\":\"https:\/\/secure.gravatar.com\/avatar\/3a6c7a49dbdb482aca57896eaf84d2e9?s=96&d=identicon&r=g\",\"contentUrl\":\"https:\/\/secure.gravatar.com\/avatar\/3a6c7a49dbdb482aca57896eaf84d2e9?s=96&d=identicon&r=g\",\"caption\":\"Administrador\"},\"url\":\"https:\/\/iesolapaz.educacion.navarra.es\/web\/blog\/author\/iesocintwpadmin\/\"}]}<\/script>\n<!-- \/ Yoast SEO plugin. -->","yoast_head_json":{"title":"Semana del Libro - IESO La Paz de Cintru\u00e9nigo","robots":{"index":"index","follow":"follow","max-snippet":"max-snippet:-1","max-image-preview":"max-image-preview:large","max-video-preview":"max-video-preview:-1"},"canonical":"https:\/\/iesolapaz.educacion.navarra.es\/web\/blog\/2023\/05\/15\/semana-del-libro-2\/","og_locale":"es_ES","og_type":"article","og_title":"Semana del Libro - IESO La Paz de Cintru\u00e9nigo","og_description":"El tema elegido este a\u00f1o para conmemorar la Semana del Libro ha sido \u201cLa prensa\u201d. En torno a este motivo , nuestros alumnos han elaborado diferentes trabajos que han decorado las paredes de nuestro centro: peri\u00f3dicos espa\u00f1oles y de otros pa\u00edses, periodistas, portadas de peri\u00f3dicos, hor\u00f3scopo\u2026 Adem\u00e1s,&nbsp; desde el 24 al 28 de abril , [&hellip;]","og_url":"https:\/\/iesolapaz.educacion.navarra.es\/web\/blog\/2023\/05\/15\/semana-del-libro-2\/","og_site_name":"IESO La Paz de Cintru\u00e9nigo","article_published_time":"2023-05-15T08:33:54+00:00","og_image":[{"width":1072,"height":474,"url":"https:\/\/iesolapaz.educacion.navarra.es\/web\/wp-content\/uploads\/2023\/05\/Captura.jpg","type":"image\/jpeg"}],"author":"Administrador","twitter_card":"summary_large_image","twitter_misc":{"Escrito por":"Administrador","Tiempo de lectura":"2 minutos"},"schema":{"@context":"https:\/\/schema.org","@graph":[{"@type":"WebPage","@id":"https:\/\/iesolapaz.educacion.navarra.es\/web\/blog\/2023\/05\/15\/semana-del-libro-2\/","url":"https:\/\/iesolapaz.educacion.navarra.es\/web\/blog\/2023\/05\/15\/semana-del-libro-2\/","name":"Semana del Libro - IESO La Paz de Cintru\u00e9nigo","isPartOf":{"@id":"https:\/\/iesolapaz.educacion.navarra.es\/web\/#website"},"datePublished":"2023-05-15T08:33:54+00:00","dateModified":"2023-05-15T08:33:54+00:00","author":{"@id":"https:\/\/iesolapaz.educacion.navarra.es\/web\/#\/schema\/person\/0454bd136e2e88d19d61dc29db3c488c"},"breadcrumb":{"@id":"https:\/\/iesolapaz.educacion.navarra.es\/web\/blog\/2023\/05\/15\/semana-del-libro-2\/#breadcrumb"},"inLanguage":"es","potentialAction":[{"@type":"ReadAction","target":["https:\/\/iesolapaz.educacion.navarra.es\/web\/blog\/2023\/05\/15\/semana-del-libro-2\/"]}]},{"@type":"BreadcrumbList","@id":"https:\/\/iesolapaz.educacion.navarra.es\/web\/blog\/2023\/05\/15\/semana-del-libro-2\/#breadcrumb","itemListElement":[{"@type":"ListItem","position":1,"name":"Home","item":"https:\/\/iesolapaz.educacion.navarra.es\/web\/"},{"@type":"ListItem","position":2,"name":"Semana del Libro"}]},{"@type":"WebSite","@id":"https:\/\/iesolapaz.educacion.navarra.es\/web\/#website","url":"https:\/\/iesolapaz.educacion.navarra.es\/web\/","name":"IESO La Paz de Cintru\u00e9nigo","description":"Sitio web del IESO La Paz de Cintru\u00e9nigo","potentialAction":[{"@type":"SearchAction","target":{"@type":"EntryPoint","urlTemplate":"https:\/\/iesolapaz.educacion.navarra.es\/web\/?s={search_term_string}"},"query-input":"required name=search_term_string"}],"inLanguage":"es"},{"@type":"Person","@id":"https:\/\/iesolapaz.educacion.navarra.es\/web\/#\/schema\/person\/0454bd136e2e88d19d61dc29db3c488c","name":"Administrador","image":{"@type":"ImageObject","inLanguage":"es","@id":"https:\/\/iesolapaz.educacion.navarra.es\/web\/#\/schema\/person\/image\/","url":"https:\/\/secure.gravatar.com\/avatar\/3a6c7a49dbdb482aca57896eaf84d2e9?s=96&d=identicon&r=g","contentUrl":"https:\/\/secure.gravatar.com\/avatar\/3a6c7a49dbdb482aca57896eaf84d2e9?s=96&d=identicon&r=g","caption":"Administrador"},"url":"https:\/\/iesolapaz.educacion.navarra.es\/web\/blog\/author\/iesocintwpadmin\/"}]}},"featured_image_src":"https:\/\/iesolapaz.educacion.navarra.es\/web\/wp-content\/uploads\/2023\/05\/Captura-600x400.jpg","featured_image_src_square":"https:\/\/iesolapaz.educacion.navarra.es\/web\/wp-content\/uploads\/2023\/05\/Captura-600x474.jpg","author_info":{"display_name":"Administrador","author_link":"https:\/\/iesolapaz.educacion.navarra.es\/web\/blog\/author\/iesocintwpadmin\/"},"_links":{"self":[{"href":"https:\/\/iesolapaz.educacion.navarra.es\/web\/wp-json\/wp\/v2\/posts\/2328"}],"collection":[{"href":"https:\/\/iesolapaz.educacion.navarra.es\/web\/wp-json\/wp\/v2\/posts"}],"about":[{"href":"https:\/\/iesolapaz.educacion.navarra.es\/web\/wp-json\/wp\/v2\/types\/post"}],"author":[{"embeddable":true,"href":"https:\/\/iesolapaz.educacion.navarra.es\/web\/wp-json\/wp\/v2\/users\/1"}],"replies":[{"embeddable":true,"href":"https:\/\/iesolapaz.educacion.navarra.es\/web\/wp-json\/wp\/v2\/comments?post=2328"}],"version-history":[{"count":1,"href":"https:\/\/iesolapaz.educacion.navarra.es\/web\/wp-json\/wp\/v2\/posts\/2328\/revisions"}],"predecessor-version":[{"id":2330,"href":"https:\/\/iesolapaz.educacion.navarra.es\/web\/wp-json\/wp\/v2\/posts\/2328\/revisions\/2330"}],"wp:featuredmedia":[{"embeddable":true,"href":"https:\/\/iesolapaz.educacion.navarra.es\/web\/wp-json\/wp\/v2\/media\/2329"}],"wp:attachment":[{"href":"https:\/\/iesolapaz.educacion.navarra.es\/web\/wp-json\/wp\/v2\/media?parent=2328"}],"wp:term":[{"taxonomy":"category","embeddable":true,"href":"https:\/\/iesolapaz.educacion.navarra.es\/web\/wp-json\/wp\/v2\/categories?post=2328"},{"taxonomy":"post_tag","embeddable":true,"href":"https:\/\/iesolapaz.educacion.navarra.es\/web\/wp-json\/wp\/v2\/tags?post=2328"}],"curies":[{"name":"wp","href":"https:\/\/api.w.org\/{rel}","templated":true}]}}