{"id":2343,"date":"2023-05-15T11:07:20","date_gmt":"2023-05-15T09:07:20","guid":{"rendered":"https:\/\/iesolapaz.educacion.navarra.es\/web\/?p=2343"},"modified":"2023-05-15T11:09:19","modified_gmt":"2023-05-15T09:09:19","slug":"olimpiada-matematica-3","status":"publish","type":"post","link":"https:\/\/iesolapaz.educacion.navarra.es\/web\/blog\/2023\/05\/15\/olimpiada-matematica-3\/","title":{"rendered":"Olimpiada matem\u00e1tica"},"content":{"rendered":"\n<p>El pasado s\u00e1bado 6 de mayo se celebr\u00f3 la XXXV Olimpiada de Matem\u00e1ticas en el IES EGA de San Adri\u00e1n. M\u00e1s de 150 alumnos de 2\u00ba ESO de toda Navarra se juntaron para participar. Desde el instituto IESO La Paz, nuestros representantes fueron los alumnos de 2\u00ba: Noa Ayala, Nerea Forcada, Izan Diez y Aroa Ballester.<\/p>\n\n\n\n<p>Las pruebas se realizaron por parejas, en las que cada miembro era de un centro distinto y se enfrentaban a 6 problemas. Al final se premi\u00f3 a las tres parejas ganadoras con el objetivo de seleccionar a los representantes de Navarra en la fase nacional de la Olimpiada. Nuestros alumnos disfrutaron de una ma\u00f1ana diferente y conocieron compa\u00f1eros de toda Navarra.<\/p>\n\n\n\n<p class=\"has-medium-font-size\"><strong><a href=\"https:\/\/photos.app.goo.gl\/3Gkc97mw3ra6nxvt7\" target=\"_blank\" rel=\"noreferrer noopener\">M\u00e1s fotos<\/a><\/strong><\/p>\n","protected":false},"excerpt":{"rendered":"<p>El pasado s\u00e1bado 6 de mayo se celebr\u00f3 la XXXV Olimpiada de Matem\u00e1ticas en el IES EGA de San Adri\u00e1n. M\u00e1s de 150 alumnos de 2\u00ba ESO de toda Navarra se juntaron para participar. Desde el instituto IESO La Paz, nuestros representantes fueron los alumnos de 2\u00ba: Noa Ayala, Nerea Forcada, Izan Diez y Aroa [&hellip;]<\/p>\n","protected":false},"author":1,"featured_media":2346,"comment_status":"open","ping_status":"open","sticky":false,"template":"","format":"standard","meta":{"_genesis_hide_title":false,"_genesis_hide_breadcrumbs":false,"_genesis_hide_singular_image":false,"_genesis_hide_footer_widgets":false,"_genesis_custom_body_class":"","_genesis_custom_post_class":"","_genesis_layout":""},"categories":[1],"tags":[],"yoast_head":"<!-- This site is optimized with the Yoast SEO plugin v19.13 - https:\/\/yoast.com\/wordpress\/plugins\/seo\/ -->\n<title>Olimpiada matem\u00e1tica - IESO La Paz de Cintru\u00e9nigo<\/title>\n<meta name=\"robots\" content=\"index, follow, max-snippet:-1, max-image-preview:large, max-video-preview:-1\" \/>\n<link rel=\"canonical\" href=\"https:\/\/iesolapaz.educacion.navarra.es\/web\/blog\/2023\/05\/15\/olimpiada-matematica-3\/\" \/>\n<meta property=\"og:locale\" content=\"es_ES\" \/>\n<meta property=\"og:type\" content=\"article\" \/>\n<meta property=\"og:title\" content=\"Olimpiada matem\u00e1tica - IESO La Paz de Cintru\u00e9nigo\" \/>\n<meta property=\"og:description\" content=\"El pasado s\u00e1bado 6 de mayo se celebr\u00f3 la XXXV Olimpiada de Matem\u00e1ticas en el IES EGA de San Adri\u00e1n. M\u00e1s de 150 alumnos de 2\u00ba ESO de toda Navarra se juntaron para participar. Desde el instituto IESO La Paz, nuestros representantes fueron los alumnos de 2\u00ba: Noa Ayala, Nerea Forcada, Izan Diez y Aroa [&hellip;]\" \/>\n<meta property=\"og:url\" content=\"https:\/\/iesolapaz.educacion.navarra.es\/web\/blog\/2023\/05\/15\/olimpiada-matematica-3\/\" \/>\n<meta property=\"og:site_name\" content=\"IESO La Paz de Cintru\u00e9nigo\" \/>\n<meta property=\"article:published_time\" content=\"2023-05-15T09:07:20+00:00\" \/>\n<meta property=\"article:modified_time\" content=\"2023-05-15T09:09:19+00:00\" \/>\n<meta property=\"og:image\" content=\"https:\/\/iesolapaz.educacion.navarra.es\/web\/wp-content\/uploads\/2023\/05\/Captura-5.jpg\" \/>\n\t<meta property=\"og:image:width\" content=\"1004\" \/>\n\t<meta property=\"og:image:height\" content=\"481\" \/>\n\t<meta property=\"og:image:type\" content=\"image\/jpeg\" \/>\n<meta name=\"author\" content=\"Administrador\" \/>\n<meta name=\"twitter:card\" content=\"summary_large_image\" \/>\n<meta name=\"twitter:label1\" content=\"Escrito por\" \/>\n\t<meta name=\"twitter:data1\" content=\"Administrador\" \/>\n\t<meta name=\"twitter:label2\" content=\"Tiempo de lectura\" \/>\n\t<meta name=\"twitter:data2\" content=\"1 minuto\" \/>\n<script type=\"application\/ld+json\" class=\"yoast-schema-graph\">{\"@context\":\"https:\/\/schema.org\",\"@graph\":[{\"@type\":\"WebPage\",\"@id\":\"https:\/\/iesolapaz.educacion.navarra.es\/web\/blog\/2023\/05\/15\/olimpiada-matematica-3\/\",\"url\":\"https:\/\/iesolapaz.educacion.navarra.es\/web\/blog\/2023\/05\/15\/olimpiada-matematica-3\/\",\"name\":\"Olimpiada matem\u00e1tica - IESO La Paz de Cintru\u00e9nigo\",\"isPartOf\":{\"@id\":\"https:\/\/iesolapaz.educacion.navarra.es\/web\/#website\"},\"datePublished\":\"2023-05-15T09:07:20+00:00\",\"dateModified\":\"2023-05-15T09:09:19+00:00\",\"author\":{\"@id\":\"https:\/\/iesolapaz.educacion.navarra.es\/web\/#\/schema\/person\/0454bd136e2e88d19d61dc29db3c488c\"},\"breadcrumb\":{\"@id\":\"https:\/\/iesolapaz.educacion.navarra.es\/web\/blog\/2023\/05\/15\/olimpiada-matematica-3\/#breadcrumb\"},\"inLanguage\":\"es\",\"potentialAction\":[{\"@type\":\"ReadAction\",\"target\":[\"https:\/\/iesolapaz.educacion.navarra.es\/web\/blog\/2023\/05\/15\/olimpiada-matematica-3\/\"]}]},{\"@type\":\"BreadcrumbList\",\"@id\":\"https:\/\/iesolapaz.educacion.navarra.es\/web\/blog\/2023\/05\/15\/olimpiada-matematica-3\/#breadcrumb\",\"itemListElement\":[{\"@type\":\"ListItem\",\"position\":1,\"name\":\"Home\",\"item\":\"https:\/\/iesolapaz.educacion.navarra.es\/web\/\"},{\"@type\":\"ListItem\",\"position\":2,\"name\":\"Olimpiada matem\u00e1tica\"}]},{\"@type\":\"WebSite\",\"@id\":\"https:\/\/iesolapaz.educacion.navarra.es\/web\/#website\",\"url\":\"https:\/\/iesolapaz.educacion.navarra.es\/web\/\",\"name\":\"IESO La Paz de Cintru\u00e9nigo\",\"description\":\"Sitio web del IESO La Paz de Cintru\u00e9nigo\",\"potentialAction\":[{\"@type\":\"SearchAction\",\"target\":{\"@type\":\"EntryPoint\",\"urlTemplate\":\"https:\/\/iesolapaz.educacion.navarra.es\/web\/?s={search_term_string}\"},\"query-input\":\"required name=search_term_string\"}],\"inLanguage\":\"es\"},{\"@type\":\"Person\",\"@id\":\"https:\/\/iesolapaz.educacion.navarra.es\/web\/#\/schema\/person\/0454bd136e2e88d19d61dc29db3c488c\",\"name\":\"Administrador\",\"image\":{\"@type\":\"ImageObject\",\"inLanguage\":\"es\",\"@id\":\"https:\/\/iesolapaz.educacion.navarra.es\/web\/#\/schema\/person\/image\/\",\"url\":\"https:\/\/secure.gravatar.com\/avatar\/3a6c7a49dbdb482aca57896eaf84d2e9?s=96&d=identicon&r=g\",\"contentUrl\":\"https:\/\/secure.gravatar.com\/avatar\/3a6c7a49dbdb482aca57896eaf84d2e9?s=96&d=identicon&r=g\",\"caption\":\"Administrador\"},\"url\":\"https:\/\/iesolapaz.educacion.navarra.es\/web\/blog\/author\/iesocintwpadmin\/\"}]}<\/script>\n<!-- \/ Yoast SEO plugin. -->","yoast_head_json":{"title":"Olimpiada matem\u00e1tica - IESO La Paz de Cintru\u00e9nigo","robots":{"index":"index","follow":"follow","max-snippet":"max-snippet:-1","max-image-preview":"max-image-preview:large","max-video-preview":"max-video-preview:-1"},"canonical":"https:\/\/iesolapaz.educacion.navarra.es\/web\/blog\/2023\/05\/15\/olimpiada-matematica-3\/","og_locale":"es_ES","og_type":"article","og_title":"Olimpiada matem\u00e1tica - IESO La Paz de Cintru\u00e9nigo","og_description":"El pasado s\u00e1bado 6 de mayo se celebr\u00f3 la XXXV Olimpiada de Matem\u00e1ticas en el IES EGA de San Adri\u00e1n. M\u00e1s de 150 alumnos de 2\u00ba ESO de toda Navarra se juntaron para participar. Desde el instituto IESO La Paz, nuestros representantes fueron los alumnos de 2\u00ba: Noa Ayala, Nerea Forcada, Izan Diez y Aroa [&hellip;]","og_url":"https:\/\/iesolapaz.educacion.navarra.es\/web\/blog\/2023\/05\/15\/olimpiada-matematica-3\/","og_site_name":"IESO La Paz de Cintru\u00e9nigo","article_published_time":"2023-05-15T09:07:20+00:00","article_modified_time":"2023-05-15T09:09:19+00:00","og_image":[{"width":1004,"height":481,"url":"https:\/\/iesolapaz.educacion.navarra.es\/web\/wp-content\/uploads\/2023\/05\/Captura-5.jpg","type":"image\/jpeg"}],"author":"Administrador","twitter_card":"summary_large_image","twitter_misc":{"Escrito por":"Administrador","Tiempo de lectura":"1 minuto"},"schema":{"@context":"https:\/\/schema.org","@graph":[{"@type":"WebPage","@id":"https:\/\/iesolapaz.educacion.navarra.es\/web\/blog\/2023\/05\/15\/olimpiada-matematica-3\/","url":"https:\/\/iesolapaz.educacion.navarra.es\/web\/blog\/2023\/05\/15\/olimpiada-matematica-3\/","name":"Olimpiada matem\u00e1tica - IESO La Paz de Cintru\u00e9nigo","isPartOf":{"@id":"https:\/\/iesolapaz.educacion.navarra.es\/web\/#website"},"datePublished":"2023-05-15T09:07:20+00:00","dateModified":"2023-05-15T09:09:19+00:00","author":{"@id":"https:\/\/iesolapaz.educacion.navarra.es\/web\/#\/schema\/person\/0454bd136e2e88d19d61dc29db3c488c"},"breadcrumb":{"@id":"https:\/\/iesolapaz.educacion.navarra.es\/web\/blog\/2023\/05\/15\/olimpiada-matematica-3\/#breadcrumb"},"inLanguage":"es","potentialAction":[{"@type":"ReadAction","target":["https:\/\/iesolapaz.educacion.navarra.es\/web\/blog\/2023\/05\/15\/olimpiada-matematica-3\/"]}]},{"@type":"BreadcrumbList","@id":"https:\/\/iesolapaz.educacion.navarra.es\/web\/blog\/2023\/05\/15\/olimpiada-matematica-3\/#breadcrumb","itemListElement":[{"@type":"ListItem","position":1,"name":"Home","item":"https:\/\/iesolapaz.educacion.navarra.es\/web\/"},{"@type":"ListItem","position":2,"name":"Olimpiada matem\u00e1tica"}]},{"@type":"WebSite","@id":"https:\/\/iesolapaz.educacion.navarra.es\/web\/#website","url":"https:\/\/iesolapaz.educacion.navarra.es\/web\/","name":"IESO La Paz de Cintru\u00e9nigo","description":"Sitio web del IESO La Paz de Cintru\u00e9nigo","potentialAction":[{"@type":"SearchAction","target":{"@type":"EntryPoint","urlTemplate":"https:\/\/iesolapaz.educacion.navarra.es\/web\/?s={search_term_string}"},"query-input":"required name=search_term_string"}],"inLanguage":"es"},{"@type":"Person","@id":"https:\/\/iesolapaz.educacion.navarra.es\/web\/#\/schema\/person\/0454bd136e2e88d19d61dc29db3c488c","name":"Administrador","image":{"@type":"ImageObject","inLanguage":"es","@id":"https:\/\/iesolapaz.educacion.navarra.es\/web\/#\/schema\/person\/image\/","url":"https:\/\/secure.gravatar.com\/avatar\/3a6c7a49dbdb482aca57896eaf84d2e9?s=96&d=identicon&r=g","contentUrl":"https:\/\/secure.gravatar.com\/avatar\/3a6c7a49dbdb482aca57896eaf84d2e9?s=96&d=identicon&r=g","caption":"Administrador"},"url":"https:\/\/iesolapaz.educacion.navarra.es\/web\/blog\/author\/iesocintwpadmin\/"}]}},"featured_image_src":"https:\/\/iesolapaz.educacion.navarra.es\/web\/wp-content\/uploads\/2023\/05\/Captura-5-600x400.jpg","featured_image_src_square":"https:\/\/iesolapaz.educacion.navarra.es\/web\/wp-content\/uploads\/2023\/05\/Captura-5-600x481.jpg","author_info":{"display_name":"Administrador","author_link":"https:\/\/iesolapaz.educacion.navarra.es\/web\/blog\/author\/iesocintwpadmin\/"},"_links":{"self":[{"href":"https:\/\/iesolapaz.educacion.navarra.es\/web\/wp-json\/wp\/v2\/posts\/2343"}],"collection":[{"href":"https:\/\/iesolapaz.educacion.navarra.es\/web\/wp-json\/wp\/v2\/posts"}],"about":[{"href":"https:\/\/iesolapaz.educacion.navarra.es\/web\/wp-json\/wp\/v2\/types\/post"}],"author":[{"embeddable":true,"href":"https:\/\/iesolapaz.educacion.navarra.es\/web\/wp-json\/wp\/v2\/users\/1"}],"replies":[{"embeddable":true,"href":"https:\/\/iesolapaz.educacion.navarra.es\/web\/wp-json\/wp\/v2\/comments?post=2343"}],"version-history":[{"count":1,"href":"https:\/\/iesolapaz.educacion.navarra.es\/web\/wp-json\/wp\/v2\/posts\/2343\/revisions"}],"predecessor-version":[{"id":2345,"href":"https:\/\/iesolapaz.educacion.navarra.es\/web\/wp-json\/wp\/v2\/posts\/2343\/revisions\/2345"}],"wp:featuredmedia":[{"embeddable":true,"href":"https:\/\/iesolapaz.educacion.navarra.es\/web\/wp-json\/wp\/v2\/media\/2346"}],"wp:attachment":[{"href":"https:\/\/iesolapaz.educacion.navarra.es\/web\/wp-json\/wp\/v2\/media?parent=2343"}],"wp:term":[{"taxonomy":"category","embeddable":true,"href":"https:\/\/iesolapaz.educacion.navarra.es\/web\/wp-json\/wp\/v2\/categories?post=2343"},{"taxonomy":"post_tag","embeddable":true,"href":"https:\/\/iesolapaz.educacion.navarra.es\/web\/wp-json\/wp\/v2\/tags?post=2343"}],"curies":[{"name":"wp","href":"https:\/\/api.w.org\/{rel}","templated":true}]}}