{"id":2619,"date":"2024-01-21T16:14:14","date_gmt":"2024-01-21T15:14:14","guid":{"rendered":"https:\/\/iesolapaz.educacion.navarra.es\/web\/?p=2619"},"modified":"2024-01-21T16:14:15","modified_gmt":"2024-01-21T15:14:15","slug":"concierto-a-nuestros-mayores","status":"publish","type":"post","link":"https:\/\/iesolapaz.educacion.navarra.es\/web\/blog\/2024\/01\/21\/concierto-a-nuestros-mayores\/","title":{"rendered":"Concierto a nuestros mayores"},"content":{"rendered":"\n<p>El pasado mi\u00e9rcoles 20 de diciembre, el alumnado de 1\u00ba ESO de la asignatura de m\u00fasica visit\u00f3 la Residencia de Ancianos de Cintru\u00e9nigo para dar un concierto a nuestros mayores. Adem\u00e1s de interpretar varias de las canciones trabajadas en clase durante los primeros meses del curso, se tocaron villancicos como Jingle Bells, que arrancaron los m\u00e1s fervorosos aplausos de nuestros queridos espectadores. El concierto fue todo un \u00e9xito y esperamos volver pronto con m\u00e1s repertorio. \u00a1Viva la m\u00fasica!<\/p>\n\n\n\n<figure class=\"wp-block-image size-large\"><img loading=\"lazy\" width=\"1024\" height=\"771\" src=\"https:\/\/iesolapaz.educacion.navarra.es\/web\/wp-content\/uploads\/2024\/01\/Actividad-residencia-de-ancianos-20-XII-23-1024x771.jpg\" alt=\"\" class=\"wp-image-2621\" srcset=\"https:\/\/iesolapaz.educacion.navarra.es\/web\/wp-content\/uploads\/2024\/01\/Actividad-residencia-de-ancianos-20-XII-23-1024x771.jpg 1024w, https:\/\/iesolapaz.educacion.navarra.es\/web\/wp-content\/uploads\/2024\/01\/Actividad-residencia-de-ancianos-20-XII-23-300x226.jpg 300w, https:\/\/iesolapaz.educacion.navarra.es\/web\/wp-content\/uploads\/2024\/01\/Actividad-residencia-de-ancianos-20-XII-23-768x579.jpg 768w, https:\/\/iesolapaz.educacion.navarra.es\/web\/wp-content\/uploads\/2024\/01\/Actividad-residencia-de-ancianos-20-XII-23.jpg 1200w\" sizes=\"(max-width: 1024px) 100vw, 1024px\" \/><\/figure>\n","protected":false},"excerpt":{"rendered":"<p>El pasado mi\u00e9rcoles 20 de diciembre, el alumnado de 1\u00ba ESO de la asignatura de m\u00fasica visit\u00f3 la Residencia de Ancianos de Cintru\u00e9nigo para dar un concierto a nuestros mayores. Adem\u00e1s de interpretar varias de las canciones trabajadas en clase durante los primeros meses del curso, se tocaron villancicos como Jingle Bells, que arrancaron los [&hellip;]<\/p>\n","protected":false},"author":1,"featured_media":2620,"comment_status":"open","ping_status":"open","sticky":false,"template":"","format":"standard","meta":{"_genesis_hide_title":false,"_genesis_hide_breadcrumbs":false,"_genesis_hide_singular_image":false,"_genesis_hide_footer_widgets":false,"_genesis_custom_body_class":"","_genesis_custom_post_class":"","_genesis_layout":""},"categories":[1],"tags":[],"yoast_head":"<!-- This site is optimized with the Yoast SEO plugin v19.13 - https:\/\/yoast.com\/wordpress\/plugins\/seo\/ -->\n<title>Concierto a nuestros mayores - IESO La Paz de Cintru\u00e9nigo<\/title>\n<meta name=\"robots\" content=\"index, follow, max-snippet:-1, max-image-preview:large, max-video-preview:-1\" \/>\n<link rel=\"canonical\" href=\"https:\/\/iesolapaz.educacion.navarra.es\/web\/blog\/2024\/01\/21\/concierto-a-nuestros-mayores\/\" \/>\n<meta property=\"og:locale\" content=\"es_ES\" \/>\n<meta property=\"og:type\" content=\"article\" \/>\n<meta property=\"og:title\" content=\"Concierto a nuestros mayores - IESO La Paz de Cintru\u00e9nigo\" \/>\n<meta property=\"og:description\" content=\"El pasado mi\u00e9rcoles 20 de diciembre, el alumnado de 1\u00ba ESO de la asignatura de m\u00fasica visit\u00f3 la Residencia de Ancianos de Cintru\u00e9nigo para dar un concierto a nuestros mayores. Adem\u00e1s de interpretar varias de las canciones trabajadas en clase durante los primeros meses del curso, se tocaron villancicos como Jingle Bells, que arrancaron los [&hellip;]\" \/>\n<meta property=\"og:url\" content=\"https:\/\/iesolapaz.educacion.navarra.es\/web\/blog\/2024\/01\/21\/concierto-a-nuestros-mayores\/\" \/>\n<meta property=\"og:site_name\" content=\"IESO La Paz de Cintru\u00e9nigo\" \/>\n<meta property=\"article:published_time\" content=\"2024-01-21T15:14:14+00:00\" \/>\n<meta property=\"article:modified_time\" content=\"2024-01-21T15:14:15+00:00\" \/>\n<meta property=\"og:image\" content=\"https:\/\/iesolapaz.educacion.navarra.es\/web\/wp-content\/uploads\/2024\/01\/Captura-de-Pantalla-2024-01-21-a-las-16.11.39.png\" \/>\n\t<meta property=\"og:image:width\" content=\"1440\" \/>\n\t<meta property=\"og:image:height\" content=\"445\" \/>\n\t<meta property=\"og:image:type\" content=\"image\/png\" \/>\n<meta name=\"author\" content=\"Administrador\" \/>\n<meta name=\"twitter:card\" content=\"summary_large_image\" \/>\n<meta name=\"twitter:label1\" content=\"Escrito por\" \/>\n\t<meta name=\"twitter:data1\" content=\"Administrador\" \/>\n\t<meta name=\"twitter:label2\" content=\"Tiempo de lectura\" \/>\n\t<meta name=\"twitter:data2\" content=\"1 minuto\" \/>\n<script type=\"application\/ld+json\" class=\"yoast-schema-graph\">{\"@context\":\"https:\/\/schema.org\",\"@graph\":[{\"@type\":\"WebPage\",\"@id\":\"https:\/\/iesolapaz.educacion.navarra.es\/web\/blog\/2024\/01\/21\/concierto-a-nuestros-mayores\/\",\"url\":\"https:\/\/iesolapaz.educacion.navarra.es\/web\/blog\/2024\/01\/21\/concierto-a-nuestros-mayores\/\",\"name\":\"Concierto a nuestros mayores - IESO La Paz de Cintru\u00e9nigo\",\"isPartOf\":{\"@id\":\"https:\/\/iesolapaz.educacion.navarra.es\/web\/#website\"},\"datePublished\":\"2024-01-21T15:14:14+00:00\",\"dateModified\":\"2024-01-21T15:14:15+00:00\",\"author\":{\"@id\":\"https:\/\/iesolapaz.educacion.navarra.es\/web\/#\/schema\/person\/0454bd136e2e88d19d61dc29db3c488c\"},\"breadcrumb\":{\"@id\":\"https:\/\/iesolapaz.educacion.navarra.es\/web\/blog\/2024\/01\/21\/concierto-a-nuestros-mayores\/#breadcrumb\"},\"inLanguage\":\"es\",\"potentialAction\":[{\"@type\":\"ReadAction\",\"target\":[\"https:\/\/iesolapaz.educacion.navarra.es\/web\/blog\/2024\/01\/21\/concierto-a-nuestros-mayores\/\"]}]},{\"@type\":\"BreadcrumbList\",\"@id\":\"https:\/\/iesolapaz.educacion.navarra.es\/web\/blog\/2024\/01\/21\/concierto-a-nuestros-mayores\/#breadcrumb\",\"itemListElement\":[{\"@type\":\"ListItem\",\"position\":1,\"name\":\"Home\",\"item\":\"https:\/\/iesolapaz.educacion.navarra.es\/web\/\"},{\"@type\":\"ListItem\",\"position\":2,\"name\":\"Concierto a nuestros mayores\"}]},{\"@type\":\"WebSite\",\"@id\":\"https:\/\/iesolapaz.educacion.navarra.es\/web\/#website\",\"url\":\"https:\/\/iesolapaz.educacion.navarra.es\/web\/\",\"name\":\"IESO La Paz de Cintru\u00e9nigo\",\"description\":\"Sitio web del IESO La Paz de Cintru\u00e9nigo\",\"potentialAction\":[{\"@type\":\"SearchAction\",\"target\":{\"@type\":\"EntryPoint\",\"urlTemplate\":\"https:\/\/iesolapaz.educacion.navarra.es\/web\/?s={search_term_string}\"},\"query-input\":\"required name=search_term_string\"}],\"inLanguage\":\"es\"},{\"@type\":\"Person\",\"@id\":\"https:\/\/iesolapaz.educacion.navarra.es\/web\/#\/schema\/person\/0454bd136e2e88d19d61dc29db3c488c\",\"name\":\"Administrador\",\"image\":{\"@type\":\"ImageObject\",\"inLanguage\":\"es\",\"@id\":\"https:\/\/iesolapaz.educacion.navarra.es\/web\/#\/schema\/person\/image\/\",\"url\":\"https:\/\/secure.gravatar.com\/avatar\/3a6c7a49dbdb482aca57896eaf84d2e9?s=96&d=identicon&r=g\",\"contentUrl\":\"https:\/\/secure.gravatar.com\/avatar\/3a6c7a49dbdb482aca57896eaf84d2e9?s=96&d=identicon&r=g\",\"caption\":\"Administrador\"},\"url\":\"https:\/\/iesolapaz.educacion.navarra.es\/web\/blog\/author\/iesocintwpadmin\/\"}]}<\/script>\n<!-- \/ Yoast SEO plugin. -->","yoast_head_json":{"title":"Concierto a nuestros mayores - IESO La Paz de Cintru\u00e9nigo","robots":{"index":"index","follow":"follow","max-snippet":"max-snippet:-1","max-image-preview":"max-image-preview:large","max-video-preview":"max-video-preview:-1"},"canonical":"https:\/\/iesolapaz.educacion.navarra.es\/web\/blog\/2024\/01\/21\/concierto-a-nuestros-mayores\/","og_locale":"es_ES","og_type":"article","og_title":"Concierto a nuestros mayores - IESO La Paz de Cintru\u00e9nigo","og_description":"El pasado mi\u00e9rcoles 20 de diciembre, el alumnado de 1\u00ba ESO de la asignatura de m\u00fasica visit\u00f3 la Residencia de Ancianos de Cintru\u00e9nigo para dar un concierto a nuestros mayores. Adem\u00e1s de interpretar varias de las canciones trabajadas en clase durante los primeros meses del curso, se tocaron villancicos como Jingle Bells, que arrancaron los [&hellip;]","og_url":"https:\/\/iesolapaz.educacion.navarra.es\/web\/blog\/2024\/01\/21\/concierto-a-nuestros-mayores\/","og_site_name":"IESO La Paz de Cintru\u00e9nigo","article_published_time":"2024-01-21T15:14:14+00:00","article_modified_time":"2024-01-21T15:14:15+00:00","og_image":[{"width":1440,"height":445,"url":"https:\/\/iesolapaz.educacion.navarra.es\/web\/wp-content\/uploads\/2024\/01\/Captura-de-Pantalla-2024-01-21-a-las-16.11.39.png","type":"image\/png"}],"author":"Administrador","twitter_card":"summary_large_image","twitter_misc":{"Escrito por":"Administrador","Tiempo de lectura":"1 minuto"},"schema":{"@context":"https:\/\/schema.org","@graph":[{"@type":"WebPage","@id":"https:\/\/iesolapaz.educacion.navarra.es\/web\/blog\/2024\/01\/21\/concierto-a-nuestros-mayores\/","url":"https:\/\/iesolapaz.educacion.navarra.es\/web\/blog\/2024\/01\/21\/concierto-a-nuestros-mayores\/","name":"Concierto a nuestros mayores - IESO La Paz de Cintru\u00e9nigo","isPartOf":{"@id":"https:\/\/iesolapaz.educacion.navarra.es\/web\/#website"},"datePublished":"2024-01-21T15:14:14+00:00","dateModified":"2024-01-21T15:14:15+00:00","author":{"@id":"https:\/\/iesolapaz.educacion.navarra.es\/web\/#\/schema\/person\/0454bd136e2e88d19d61dc29db3c488c"},"breadcrumb":{"@id":"https:\/\/iesolapaz.educacion.navarra.es\/web\/blog\/2024\/01\/21\/concierto-a-nuestros-mayores\/#breadcrumb"},"inLanguage":"es","potentialAction":[{"@type":"ReadAction","target":["https:\/\/iesolapaz.educacion.navarra.es\/web\/blog\/2024\/01\/21\/concierto-a-nuestros-mayores\/"]}]},{"@type":"BreadcrumbList","@id":"https:\/\/iesolapaz.educacion.navarra.es\/web\/blog\/2024\/01\/21\/concierto-a-nuestros-mayores\/#breadcrumb","itemListElement":[{"@type":"ListItem","position":1,"name":"Home","item":"https:\/\/iesolapaz.educacion.navarra.es\/web\/"},{"@type":"ListItem","position":2,"name":"Concierto a nuestros mayores"}]},{"@type":"WebSite","@id":"https:\/\/iesolapaz.educacion.navarra.es\/web\/#website","url":"https:\/\/iesolapaz.educacion.navarra.es\/web\/","name":"IESO La Paz de Cintru\u00e9nigo","description":"Sitio web del IESO La Paz de Cintru\u00e9nigo","potentialAction":[{"@type":"SearchAction","target":{"@type":"EntryPoint","urlTemplate":"https:\/\/iesolapaz.educacion.navarra.es\/web\/?s={search_term_string}"},"query-input":"required name=search_term_string"}],"inLanguage":"es"},{"@type":"Person","@id":"https:\/\/iesolapaz.educacion.navarra.es\/web\/#\/schema\/person\/0454bd136e2e88d19d61dc29db3c488c","name":"Administrador","image":{"@type":"ImageObject","inLanguage":"es","@id":"https:\/\/iesolapaz.educacion.navarra.es\/web\/#\/schema\/person\/image\/","url":"https:\/\/secure.gravatar.com\/avatar\/3a6c7a49dbdb482aca57896eaf84d2e9?s=96&d=identicon&r=g","contentUrl":"https:\/\/secure.gravatar.com\/avatar\/3a6c7a49dbdb482aca57896eaf84d2e9?s=96&d=identicon&r=g","caption":"Administrador"},"url":"https:\/\/iesolapaz.educacion.navarra.es\/web\/blog\/author\/iesocintwpadmin\/"}]}},"featured_image_src":"https:\/\/iesolapaz.educacion.navarra.es\/web\/wp-content\/uploads\/2024\/01\/Captura-de-Pantalla-2024-01-21-a-las-16.11.39-600x400.png","featured_image_src_square":"https:\/\/iesolapaz.educacion.navarra.es\/web\/wp-content\/uploads\/2024\/01\/Captura-de-Pantalla-2024-01-21-a-las-16.11.39-600x445.png","author_info":{"display_name":"Administrador","author_link":"https:\/\/iesolapaz.educacion.navarra.es\/web\/blog\/author\/iesocintwpadmin\/"},"_links":{"self":[{"href":"https:\/\/iesolapaz.educacion.navarra.es\/web\/wp-json\/wp\/v2\/posts\/2619"}],"collection":[{"href":"https:\/\/iesolapaz.educacion.navarra.es\/web\/wp-json\/wp\/v2\/posts"}],"about":[{"href":"https:\/\/iesolapaz.educacion.navarra.es\/web\/wp-json\/wp\/v2\/types\/post"}],"author":[{"embeddable":true,"href":"https:\/\/iesolapaz.educacion.navarra.es\/web\/wp-json\/wp\/v2\/users\/1"}],"replies":[{"embeddable":true,"href":"https:\/\/iesolapaz.educacion.navarra.es\/web\/wp-json\/wp\/v2\/comments?post=2619"}],"version-history":[{"count":1,"href":"https:\/\/iesolapaz.educacion.navarra.es\/web\/wp-json\/wp\/v2\/posts\/2619\/revisions"}],"predecessor-version":[{"id":2622,"href":"https:\/\/iesolapaz.educacion.navarra.es\/web\/wp-json\/wp\/v2\/posts\/2619\/revisions\/2622"}],"wp:featuredmedia":[{"embeddable":true,"href":"https:\/\/iesolapaz.educacion.navarra.es\/web\/wp-json\/wp\/v2\/media\/2620"}],"wp:attachment":[{"href":"https:\/\/iesolapaz.educacion.navarra.es\/web\/wp-json\/wp\/v2\/media?parent=2619"}],"wp:term":[{"taxonomy":"category","embeddable":true,"href":"https:\/\/iesolapaz.educacion.navarra.es\/web\/wp-json\/wp\/v2\/categories?post=2619"},{"taxonomy":"post_tag","embeddable":true,"href":"https:\/\/iesolapaz.educacion.navarra.es\/web\/wp-json\/wp\/v2\/tags?post=2619"}],"curies":[{"name":"wp","href":"https:\/\/api.w.org\/{rel}","templated":true}]}}