{"id":2828,"date":"2024-06-04T09:03:05","date_gmt":"2024-06-04T07:03:05","guid":{"rendered":"https:\/\/iesolapaz.educacion.navarra.es\/web\/?p=2828"},"modified":"2024-06-04T09:23:26","modified_gmt":"2024-06-04T07:23:26","slug":"mascotas-olimpicas","status":"publish","type":"post","link":"https:\/\/iesolapaz.educacion.navarra.es\/web\/blog\/2024\/06\/04\/mascotas-olimpicas\/","title":{"rendered":"Mascotas Ol\u00edmpicas"},"content":{"rendered":"\n<p>Nuestro alumnado de 3\u00ba de la ESO de la secci\u00f3n biling\u00fce y pluriling\u00fce ha llevado a cabo un proyecto en la asignatura de Pl\u00e1stica con los ni\u00f1os y ni\u00f1as de 5 a\u00f1os del colegio de Ed. Infantil.&nbsp;<\/p>\n\n\n\n<p>Los peques, que est\u00e1n trabajando los Juegos Ol\u00edmpicos, dise\u00f1aron sus mascotas y estos artistas de 3\u00ba ESO han dado vida a estos peque\u00f1os dibujos transform\u00e1ndolos en unos peluches geniales.&nbsp;<\/p>\n\n\n\n<p>Lo mejor de todo es que todas las mascotas han sido realizadas con materiales reciclados.<\/p>\n\n\n\n<p>En el proyecto hemos tenido la suerte de poder contar con la ayuda de dos \u201c<strong>s\u00faper-abuelas<\/strong>\u201d Mari Paz y Carmen que vinieron a echar una manita, hab\u00eda mucha tela que cortar.<\/p>\n\n\n\n<p>Los ni\u00f1os y ni\u00f1as de infantil han alucinado al ver su dibujo hecho realidad, no ten\u00edan ni idea de que nuestro alumnado les iba a llevar un regalo. \u00a1Menuda sorpresa!&nbsp;<\/p>\n\n\n\n<p>Ha sido un trabajo en colaboraci\u00f3n entre los dos centros, IESO La Paz y CPEIP Otero de Navascu\u00e9s.&nbsp;<\/p>\n\n\n\n<figure class=\"wp-block-image\"><img src=\"https:\/\/lh7-eu.googleusercontent.com\/docsz\/AD_4nXdGP7rEYK1qPD-1udx79PzW7B6brQBkWXSlhrAkiTYjLlafTP4B5-yU_bSt9_tqduAtuFjDjd25jq_XZ-eTOoVAZD-vlMiCYFLeLC59jVIoQ2iL0qZ1PH2AJ5vX7a1EsdsZ51ZNO7j_7uFfZbYowswNBqig?key=WcAb_uEru2oBcrxxI1my_A\" alt=\"\"\/><\/figure>\n\n\n\n<p class=\"has-medium-font-size\"><a href=\"https:\/\/photos.app.goo.gl\/oPPuQUL6M4DtRTPU6\" target=\"_blank\" rel=\"noreferrer noopener\">M\u00e1s fotos<\/a><\/p>\n","protected":false},"excerpt":{"rendered":"<p>Nuestro alumnado de 3\u00ba de la ESO de la secci\u00f3n biling\u00fce y pluriling\u00fce ha llevado a cabo un proyecto en la asignatura de Pl\u00e1stica con los ni\u00f1os y ni\u00f1as de 5 a\u00f1os del colegio de Ed. Infantil.&nbsp; Los peques, que est\u00e1n trabajando los Juegos Ol\u00edmpicos, dise\u00f1aron sus mascotas y estos artistas de 3\u00ba ESO han [&hellip;]<\/p>\n","protected":false},"author":1,"featured_media":2837,"comment_status":"open","ping_status":"open","sticky":false,"template":"","format":"standard","meta":{"_genesis_hide_title":false,"_genesis_hide_breadcrumbs":false,"_genesis_hide_singular_image":false,"_genesis_hide_footer_widgets":false,"_genesis_custom_body_class":"","_genesis_custom_post_class":"","_genesis_layout":""},"categories":[1],"tags":[],"yoast_head":"<!-- This site is optimized with the Yoast SEO plugin v19.13 - https:\/\/yoast.com\/wordpress\/plugins\/seo\/ -->\n<title>Mascotas Ol\u00edmpicas - IESO La Paz de Cintru\u00e9nigo<\/title>\n<meta name=\"robots\" content=\"index, follow, max-snippet:-1, max-image-preview:large, max-video-preview:-1\" \/>\n<link rel=\"canonical\" href=\"https:\/\/iesolapaz.educacion.navarra.es\/web\/blog\/2024\/06\/04\/mascotas-olimpicas\/\" \/>\n<meta property=\"og:locale\" content=\"es_ES\" \/>\n<meta property=\"og:type\" content=\"article\" \/>\n<meta property=\"og:title\" content=\"Mascotas Ol\u00edmpicas - IESO La Paz de Cintru\u00e9nigo\" \/>\n<meta property=\"og:description\" content=\"Nuestro alumnado de 3\u00ba de la ESO de la secci\u00f3n biling\u00fce y pluriling\u00fce ha llevado a cabo un proyecto en la asignatura de Pl\u00e1stica con los ni\u00f1os y ni\u00f1as de 5 a\u00f1os del colegio de Ed. Infantil.&nbsp; Los peques, que est\u00e1n trabajando los Juegos Ol\u00edmpicos, dise\u00f1aron sus mascotas y estos artistas de 3\u00ba ESO han [&hellip;]\" \/>\n<meta property=\"og:url\" content=\"https:\/\/iesolapaz.educacion.navarra.es\/web\/blog\/2024\/06\/04\/mascotas-olimpicas\/\" \/>\n<meta property=\"og:site_name\" content=\"IESO La Paz de Cintru\u00e9nigo\" \/>\n<meta property=\"article:published_time\" content=\"2024-06-04T07:03:05+00:00\" \/>\n<meta property=\"article:modified_time\" content=\"2024-06-04T07:23:26+00:00\" \/>\n<meta property=\"og:image\" content=\"https:\/\/iesolapaz.educacion.navarra.es\/web\/wp-content\/uploads\/2024\/06\/Foto-principal-para-la-web.jpg\" \/>\n\t<meta property=\"og:image:width\" content=\"1440\" \/>\n\t<meta property=\"og:image:height\" content=\"660\" \/>\n\t<meta property=\"og:image:type\" content=\"image\/jpeg\" \/>\n<meta name=\"author\" content=\"Administrador\" \/>\n<meta name=\"twitter:card\" content=\"summary_large_image\" \/>\n<meta name=\"twitter:label1\" content=\"Escrito por\" \/>\n\t<meta name=\"twitter:data1\" content=\"Administrador\" \/>\n\t<meta name=\"twitter:label2\" content=\"Tiempo de lectura\" \/>\n\t<meta name=\"twitter:data2\" content=\"1 minuto\" \/>\n<script type=\"application\/ld+json\" class=\"yoast-schema-graph\">{\"@context\":\"https:\/\/schema.org\",\"@graph\":[{\"@type\":\"WebPage\",\"@id\":\"https:\/\/iesolapaz.educacion.navarra.es\/web\/blog\/2024\/06\/04\/mascotas-olimpicas\/\",\"url\":\"https:\/\/iesolapaz.educacion.navarra.es\/web\/blog\/2024\/06\/04\/mascotas-olimpicas\/\",\"name\":\"Mascotas Ol\u00edmpicas - IESO La Paz de Cintru\u00e9nigo\",\"isPartOf\":{\"@id\":\"https:\/\/iesolapaz.educacion.navarra.es\/web\/#website\"},\"datePublished\":\"2024-06-04T07:03:05+00:00\",\"dateModified\":\"2024-06-04T07:23:26+00:00\",\"author\":{\"@id\":\"https:\/\/iesolapaz.educacion.navarra.es\/web\/#\/schema\/person\/0454bd136e2e88d19d61dc29db3c488c\"},\"breadcrumb\":{\"@id\":\"https:\/\/iesolapaz.educacion.navarra.es\/web\/blog\/2024\/06\/04\/mascotas-olimpicas\/#breadcrumb\"},\"inLanguage\":\"es\",\"potentialAction\":[{\"@type\":\"ReadAction\",\"target\":[\"https:\/\/iesolapaz.educacion.navarra.es\/web\/blog\/2024\/06\/04\/mascotas-olimpicas\/\"]}]},{\"@type\":\"BreadcrumbList\",\"@id\":\"https:\/\/iesolapaz.educacion.navarra.es\/web\/blog\/2024\/06\/04\/mascotas-olimpicas\/#breadcrumb\",\"itemListElement\":[{\"@type\":\"ListItem\",\"position\":1,\"name\":\"Home\",\"item\":\"https:\/\/iesolapaz.educacion.navarra.es\/web\/\"},{\"@type\":\"ListItem\",\"position\":2,\"name\":\"Mascotas Ol\u00edmpicas\"}]},{\"@type\":\"WebSite\",\"@id\":\"https:\/\/iesolapaz.educacion.navarra.es\/web\/#website\",\"url\":\"https:\/\/iesolapaz.educacion.navarra.es\/web\/\",\"name\":\"IESO La Paz de Cintru\u00e9nigo\",\"description\":\"Sitio web del IESO La Paz de Cintru\u00e9nigo\",\"potentialAction\":[{\"@type\":\"SearchAction\",\"target\":{\"@type\":\"EntryPoint\",\"urlTemplate\":\"https:\/\/iesolapaz.educacion.navarra.es\/web\/?s={search_term_string}\"},\"query-input\":\"required name=search_term_string\"}],\"inLanguage\":\"es\"},{\"@type\":\"Person\",\"@id\":\"https:\/\/iesolapaz.educacion.navarra.es\/web\/#\/schema\/person\/0454bd136e2e88d19d61dc29db3c488c\",\"name\":\"Administrador\",\"image\":{\"@type\":\"ImageObject\",\"inLanguage\":\"es\",\"@id\":\"https:\/\/iesolapaz.educacion.navarra.es\/web\/#\/schema\/person\/image\/\",\"url\":\"https:\/\/secure.gravatar.com\/avatar\/3a6c7a49dbdb482aca57896eaf84d2e9?s=96&d=identicon&r=g\",\"contentUrl\":\"https:\/\/secure.gravatar.com\/avatar\/3a6c7a49dbdb482aca57896eaf84d2e9?s=96&d=identicon&r=g\",\"caption\":\"Administrador\"},\"url\":\"https:\/\/iesolapaz.educacion.navarra.es\/web\/blog\/author\/iesocintwpadmin\/\"}]}<\/script>\n<!-- \/ Yoast SEO plugin. -->","yoast_head_json":{"title":"Mascotas Ol\u00edmpicas - IESO La Paz de Cintru\u00e9nigo","robots":{"index":"index","follow":"follow","max-snippet":"max-snippet:-1","max-image-preview":"max-image-preview:large","max-video-preview":"max-video-preview:-1"},"canonical":"https:\/\/iesolapaz.educacion.navarra.es\/web\/blog\/2024\/06\/04\/mascotas-olimpicas\/","og_locale":"es_ES","og_type":"article","og_title":"Mascotas Ol\u00edmpicas - IESO La Paz de Cintru\u00e9nigo","og_description":"Nuestro alumnado de 3\u00ba de la ESO de la secci\u00f3n biling\u00fce y pluriling\u00fce ha llevado a cabo un proyecto en la asignatura de Pl\u00e1stica con los ni\u00f1os y ni\u00f1as de 5 a\u00f1os del colegio de Ed. Infantil.&nbsp; Los peques, que est\u00e1n trabajando los Juegos Ol\u00edmpicos, dise\u00f1aron sus mascotas y estos artistas de 3\u00ba ESO han [&hellip;]","og_url":"https:\/\/iesolapaz.educacion.navarra.es\/web\/blog\/2024\/06\/04\/mascotas-olimpicas\/","og_site_name":"IESO La Paz de Cintru\u00e9nigo","article_published_time":"2024-06-04T07:03:05+00:00","article_modified_time":"2024-06-04T07:23:26+00:00","og_image":[{"width":1440,"height":660,"url":"https:\/\/iesolapaz.educacion.navarra.es\/web\/wp-content\/uploads\/2024\/06\/Foto-principal-para-la-web.jpg","type":"image\/jpeg"}],"author":"Administrador","twitter_card":"summary_large_image","twitter_misc":{"Escrito por":"Administrador","Tiempo de lectura":"1 minuto"},"schema":{"@context":"https:\/\/schema.org","@graph":[{"@type":"WebPage","@id":"https:\/\/iesolapaz.educacion.navarra.es\/web\/blog\/2024\/06\/04\/mascotas-olimpicas\/","url":"https:\/\/iesolapaz.educacion.navarra.es\/web\/blog\/2024\/06\/04\/mascotas-olimpicas\/","name":"Mascotas Ol\u00edmpicas - IESO La Paz de Cintru\u00e9nigo","isPartOf":{"@id":"https:\/\/iesolapaz.educacion.navarra.es\/web\/#website"},"datePublished":"2024-06-04T07:03:05+00:00","dateModified":"2024-06-04T07:23:26+00:00","author":{"@id":"https:\/\/iesolapaz.educacion.navarra.es\/web\/#\/schema\/person\/0454bd136e2e88d19d61dc29db3c488c"},"breadcrumb":{"@id":"https:\/\/iesolapaz.educacion.navarra.es\/web\/blog\/2024\/06\/04\/mascotas-olimpicas\/#breadcrumb"},"inLanguage":"es","potentialAction":[{"@type":"ReadAction","target":["https:\/\/iesolapaz.educacion.navarra.es\/web\/blog\/2024\/06\/04\/mascotas-olimpicas\/"]}]},{"@type":"BreadcrumbList","@id":"https:\/\/iesolapaz.educacion.navarra.es\/web\/blog\/2024\/06\/04\/mascotas-olimpicas\/#breadcrumb","itemListElement":[{"@type":"ListItem","position":1,"name":"Home","item":"https:\/\/iesolapaz.educacion.navarra.es\/web\/"},{"@type":"ListItem","position":2,"name":"Mascotas Ol\u00edmpicas"}]},{"@type":"WebSite","@id":"https:\/\/iesolapaz.educacion.navarra.es\/web\/#website","url":"https:\/\/iesolapaz.educacion.navarra.es\/web\/","name":"IESO La Paz de Cintru\u00e9nigo","description":"Sitio web del IESO La Paz de Cintru\u00e9nigo","potentialAction":[{"@type":"SearchAction","target":{"@type":"EntryPoint","urlTemplate":"https:\/\/iesolapaz.educacion.navarra.es\/web\/?s={search_term_string}"},"query-input":"required name=search_term_string"}],"inLanguage":"es"},{"@type":"Person","@id":"https:\/\/iesolapaz.educacion.navarra.es\/web\/#\/schema\/person\/0454bd136e2e88d19d61dc29db3c488c","name":"Administrador","image":{"@type":"ImageObject","inLanguage":"es","@id":"https:\/\/iesolapaz.educacion.navarra.es\/web\/#\/schema\/person\/image\/","url":"https:\/\/secure.gravatar.com\/avatar\/3a6c7a49dbdb482aca57896eaf84d2e9?s=96&d=identicon&r=g","contentUrl":"https:\/\/secure.gravatar.com\/avatar\/3a6c7a49dbdb482aca57896eaf84d2e9?s=96&d=identicon&r=g","caption":"Administrador"},"url":"https:\/\/iesolapaz.educacion.navarra.es\/web\/blog\/author\/iesocintwpadmin\/"}]}},"featured_image_src":"https:\/\/iesolapaz.educacion.navarra.es\/web\/wp-content\/uploads\/2024\/06\/Foto-principal-para-la-web-600x400.jpg","featured_image_src_square":"https:\/\/iesolapaz.educacion.navarra.es\/web\/wp-content\/uploads\/2024\/06\/Foto-principal-para-la-web-600x600.jpg","author_info":{"display_name":"Administrador","author_link":"https:\/\/iesolapaz.educacion.navarra.es\/web\/blog\/author\/iesocintwpadmin\/"},"_links":{"self":[{"href":"https:\/\/iesolapaz.educacion.navarra.es\/web\/wp-json\/wp\/v2\/posts\/2828"}],"collection":[{"href":"https:\/\/iesolapaz.educacion.navarra.es\/web\/wp-json\/wp\/v2\/posts"}],"about":[{"href":"https:\/\/iesolapaz.educacion.navarra.es\/web\/wp-json\/wp\/v2\/types\/post"}],"author":[{"embeddable":true,"href":"https:\/\/iesolapaz.educacion.navarra.es\/web\/wp-json\/wp\/v2\/users\/1"}],"replies":[{"embeddable":true,"href":"https:\/\/iesolapaz.educacion.navarra.es\/web\/wp-json\/wp\/v2\/comments?post=2828"}],"version-history":[{"count":1,"href":"https:\/\/iesolapaz.educacion.navarra.es\/web\/wp-json\/wp\/v2\/posts\/2828\/revisions"}],"predecessor-version":[{"id":2829,"href":"https:\/\/iesolapaz.educacion.navarra.es\/web\/wp-json\/wp\/v2\/posts\/2828\/revisions\/2829"}],"wp:featuredmedia":[{"embeddable":true,"href":"https:\/\/iesolapaz.educacion.navarra.es\/web\/wp-json\/wp\/v2\/media\/2837"}],"wp:attachment":[{"href":"https:\/\/iesolapaz.educacion.navarra.es\/web\/wp-json\/wp\/v2\/media?parent=2828"}],"wp:term":[{"taxonomy":"category","embeddable":true,"href":"https:\/\/iesolapaz.educacion.navarra.es\/web\/wp-json\/wp\/v2\/categories?post=2828"},{"taxonomy":"post_tag","embeddable":true,"href":"https:\/\/iesolapaz.educacion.navarra.es\/web\/wp-json\/wp\/v2\/tags?post=2828"}],"curies":[{"name":"wp","href":"https:\/\/api.w.org\/{rel}","templated":true}]}}