{"id":3265,"date":"2026-04-29T12:31:23","date_gmt":"2026-04-29T10:31:23","guid":{"rendered":"https:\/\/iesolapaz.educacion.navarra.es\/web\/?p=3265"},"modified":"2026-04-29T12:31:26","modified_gmt":"2026-04-29T10:31:26","slug":"siento-luego-existo","status":"publish","type":"post","link":"https:\/\/iesolapaz.educacion.navarra.es\/web\/blog\/2026\/04\/29\/siento-luego-existo\/","title":{"rendered":"Siento luego existo"},"content":{"rendered":"\n<p>El pasado 27 de febrero un grupo de alumnos y alumnas del IESO La Paz participaron en la 2\u00aa edici\u00f3n de microrrelatos. El t\u00edtulo de esta edici\u00f3n es \u201cSiento luego Existo\u201d. Cada participante eligi\u00f3 un sentimiento al azar y escribi\u00f3 un relato bas\u00e1ndose en ese sentimiento.<\/p>\n\n\n\n<p>Los ganadores son:<\/p>\n\n\n\n<p>En castellano: Nagore Gonz\u00e1lez, Hiba Benabid, Laura Alvero, Laura Lapuente.<\/p>\n\n\n\n<p>En ingl\u00e9s: Yasmin Hasnaoui, Ines Croitoru.<\/p>\n\n\n\n<p>Franc\u00e9s: Mohamed Laarag<\/p>\n\n\n\n<p>Euskera: Itziar S\u00e1nchez<\/p>\n\n\n\n<p>Queremos agradecer la participaci\u00f3n a todos los escritores y escritoras que participaron.<\/p>\n\n\n\n<figure class=\"wp-block-gallery has-nested-images columns-default is-cropped\">\n<figure class=\"wp-block-image size-large\"><img loading=\"lazy\" width=\"800\" height=\"600\" data-id=\"3268\"  src=\"https:\/\/iesolapaz.educacion.navarra.es\/web\/wp-content\/uploads\/2026\/04\/Copia-de-IMG_20260227_091811.jpg\" alt=\"\" class=\"wp-image-3268\" srcset=\"https:\/\/iesolapaz.educacion.navarra.es\/web\/wp-content\/uploads\/2026\/04\/Copia-de-IMG_20260227_091811.jpg 800w, https:\/\/iesolapaz.educacion.navarra.es\/web\/wp-content\/uploads\/2026\/04\/Copia-de-IMG_20260227_091811-300x225.jpg 300w, https:\/\/iesolapaz.educacion.navarra.es\/web\/wp-content\/uploads\/2026\/04\/Copia-de-IMG_20260227_091811-768x576.jpg 768w\" sizes=\"(max-width: 800px) 100vw, 800px\" \/><\/figure>\n\n\n\n<figure class=\"wp-block-image size-large\"><img loading=\"lazy\" width=\"800\" height=\"600\" data-id=\"3271\"  src=\"https:\/\/iesolapaz.educacion.navarra.es\/web\/wp-content\/uploads\/2026\/04\/IMG_20260227_091154.jpg\" alt=\"\" class=\"wp-image-3271\" srcset=\"https:\/\/iesolapaz.educacion.navarra.es\/web\/wp-content\/uploads\/2026\/04\/IMG_20260227_091154.jpg 800w, https:\/\/iesolapaz.educacion.navarra.es\/web\/wp-content\/uploads\/2026\/04\/IMG_20260227_091154-300x225.jpg 300w, https:\/\/iesolapaz.educacion.navarra.es\/web\/wp-content\/uploads\/2026\/04\/IMG_20260227_091154-768x576.jpg 768w\" sizes=\"(max-width: 800px) 100vw, 800px\" \/><\/figure>\n\n\n\n<figure class=\"wp-block-image size-large\"><img loading=\"lazy\" width=\"768\" height=\"1024\" data-id=\"3273\"  src=\"https:\/\/iesolapaz.educacion.navarra.es\/web\/wp-content\/uploads\/2026\/04\/IMG_20260227_091336-1-768x1024.jpg\" alt=\"\" class=\"wp-image-3273\" srcset=\"https:\/\/iesolapaz.educacion.navarra.es\/web\/wp-content\/uploads\/2026\/04\/IMG_20260227_091336-1-768x1024.jpg 768w, https:\/\/iesolapaz.educacion.navarra.es\/web\/wp-content\/uploads\/2026\/04\/IMG_20260227_091336-1-225x300.jpg 225w, https:\/\/iesolapaz.educacion.navarra.es\/web\/wp-content\/uploads\/2026\/04\/IMG_20260227_091336-1-rotated.jpg 800w\" sizes=\"(max-width: 768px) 100vw, 768px\" \/><\/figure>\n\n\n\n<figure class=\"wp-block-image size-large\"><img loading=\"lazy\" width=\"800\" height=\"600\" data-id=\"3270\"  src=\"https:\/\/iesolapaz.educacion.navarra.es\/web\/wp-content\/uploads\/2026\/04\/IMG_20260227_091330.jpg\" alt=\"\" class=\"wp-image-3270\" srcset=\"https:\/\/iesolapaz.educacion.navarra.es\/web\/wp-content\/uploads\/2026\/04\/IMG_20260227_091330.jpg 800w, https:\/\/iesolapaz.educacion.navarra.es\/web\/wp-content\/uploads\/2026\/04\/IMG_20260227_091330-300x225.jpg 300w, https:\/\/iesolapaz.educacion.navarra.es\/web\/wp-content\/uploads\/2026\/04\/IMG_20260227_091330-768x576.jpg 768w\" sizes=\"(max-width: 800px) 100vw, 800px\" \/><\/figure>\n\n\n\n<figure class=\"wp-block-image size-large\"><img loading=\"lazy\" width=\"800\" height=\"600\" data-id=\"3272\"  src=\"https:\/\/iesolapaz.educacion.navarra.es\/web\/wp-content\/uploads\/2026\/04\/IMG_1149.jpg\" alt=\"\" class=\"wp-image-3272\" srcset=\"https:\/\/iesolapaz.educacion.navarra.es\/web\/wp-content\/uploads\/2026\/04\/IMG_1149.jpg 800w, https:\/\/iesolapaz.educacion.navarra.es\/web\/wp-content\/uploads\/2026\/04\/IMG_1149-300x225.jpg 300w, https:\/\/iesolapaz.educacion.navarra.es\/web\/wp-content\/uploads\/2026\/04\/IMG_1149-768x576.jpg 768w\" sizes=\"(max-width: 800px) 100vw, 800px\" \/><\/figure>\n\n\n\n<figure class=\"wp-block-image size-large\"><img loading=\"lazy\" width=\"771\" height=\"1024\" data-id=\"3269\"  src=\"https:\/\/iesolapaz.educacion.navarra.es\/web\/wp-content\/uploads\/2026\/04\/IMG_20260227_091212_1-771x1024.jpg\" alt=\"\" class=\"wp-image-3269\" srcset=\"https:\/\/iesolapaz.educacion.navarra.es\/web\/wp-content\/uploads\/2026\/04\/IMG_20260227_091212_1-771x1024.jpg 771w, https:\/\/iesolapaz.educacion.navarra.es\/web\/wp-content\/uploads\/2026\/04\/IMG_20260227_091212_1-226x300.jpg 226w, https:\/\/iesolapaz.educacion.navarra.es\/web\/wp-content\/uploads\/2026\/04\/IMG_20260227_091212_1-768x1020.jpg 768w, https:\/\/iesolapaz.educacion.navarra.es\/web\/wp-content\/uploads\/2026\/04\/IMG_20260227_091212_1-rotated.jpg 800w\" sizes=\"(max-width: 771px) 100vw, 771px\" \/><\/figure>\n<\/figure>\n","protected":false},"excerpt":{"rendered":"<p>El pasado 27 de febrero un grupo de alumnos y alumnas del IESO La Paz participaron en la 2\u00aa edici\u00f3n de microrrelatos. El t\u00edtulo de esta edici\u00f3n es \u201cSiento luego Existo\u201d. Cada participante eligi\u00f3 un sentimiento al azar y escribi\u00f3 un relato bas\u00e1ndose en ese sentimiento. Los ganadores son: En castellano: Nagore Gonz\u00e1lez, Hiba Benabid, [&hellip;]<\/p>\n","protected":false},"author":1,"featured_media":3266,"comment_status":"closed","ping_status":"open","sticky":false,"template":"","format":"standard","meta":{"_genesis_hide_title":false,"_genesis_hide_breadcrumbs":false,"_genesis_hide_singular_image":false,"_genesis_hide_footer_widgets":false,"_genesis_custom_body_class":"","_genesis_custom_post_class":"","_genesis_layout":""},"categories":[1],"tags":[],"yoast_head":"<!-- This site is optimized with the Yoast SEO plugin v19.13 - https:\/\/yoast.com\/wordpress\/plugins\/seo\/ -->\n<title>Siento luego existo - IESO La Paz de Cintru\u00e9nigo<\/title>\n<meta name=\"robots\" content=\"index, follow, max-snippet:-1, max-image-preview:large, max-video-preview:-1\" \/>\n<link rel=\"canonical\" href=\"https:\/\/iesolapaz.educacion.navarra.es\/web\/blog\/2026\/04\/29\/siento-luego-existo\/\" \/>\n<meta property=\"og:locale\" content=\"es_ES\" \/>\n<meta property=\"og:type\" content=\"article\" \/>\n<meta property=\"og:title\" content=\"Siento luego existo - IESO La Paz de Cintru\u00e9nigo\" \/>\n<meta property=\"og:description\" content=\"El pasado 27 de febrero un grupo de alumnos y alumnas del IESO La Paz participaron en la 2\u00aa edici\u00f3n de microrrelatos. El t\u00edtulo de esta edici\u00f3n es \u201cSiento luego Existo\u201d. Cada participante eligi\u00f3 un sentimiento al azar y escribi\u00f3 un relato bas\u00e1ndose en ese sentimiento. Los ganadores son: En castellano: Nagore Gonz\u00e1lez, Hiba Benabid, [&hellip;]\" \/>\n<meta property=\"og:url\" content=\"https:\/\/iesolapaz.educacion.navarra.es\/web\/blog\/2026\/04\/29\/siento-luego-existo\/\" \/>\n<meta property=\"og:site_name\" content=\"IESO La Paz de Cintru\u00e9nigo\" \/>\n<meta property=\"article:published_time\" content=\"2026-04-29T10:31:23+00:00\" \/>\n<meta property=\"article:modified_time\" content=\"2026-04-29T10:31:26+00:00\" \/>\n<meta property=\"og:image\" content=\"https:\/\/iesolapaz.educacion.navarra.es\/web\/wp-content\/uploads\/2026\/04\/Screenshot-2026-03-27-11.40.48.png\" \/>\n\t<meta property=\"og:image:width\" content=\"1920\" \/>\n\t<meta property=\"og:image:height\" content=\"1080\" \/>\n\t<meta property=\"og:image:type\" content=\"image\/png\" \/>\n<meta name=\"author\" content=\"Administrador\" \/>\n<meta name=\"twitter:card\" content=\"summary_large_image\" \/>\n<meta name=\"twitter:label1\" content=\"Escrito por\" \/>\n\t<meta name=\"twitter:data1\" content=\"Administrador\" \/>\n\t<meta name=\"twitter:label2\" content=\"Tiempo de lectura\" \/>\n\t<meta name=\"twitter:data2\" content=\"2 minutos\" \/>\n<script type=\"application\/ld+json\" class=\"yoast-schema-graph\">{\"@context\":\"https:\/\/schema.org\",\"@graph\":[{\"@type\":\"WebPage\",\"@id\":\"https:\/\/iesolapaz.educacion.navarra.es\/web\/blog\/2026\/04\/29\/siento-luego-existo\/\",\"url\":\"https:\/\/iesolapaz.educacion.navarra.es\/web\/blog\/2026\/04\/29\/siento-luego-existo\/\",\"name\":\"Siento luego existo - IESO La Paz de Cintru\u00e9nigo\",\"isPartOf\":{\"@id\":\"https:\/\/iesolapaz.educacion.navarra.es\/web\/#website\"},\"datePublished\":\"2026-04-29T10:31:23+00:00\",\"dateModified\":\"2026-04-29T10:31:26+00:00\",\"author\":{\"@id\":\"https:\/\/iesolapaz.educacion.navarra.es\/web\/#\/schema\/person\/0454bd136e2e88d19d61dc29db3c488c\"},\"breadcrumb\":{\"@id\":\"https:\/\/iesolapaz.educacion.navarra.es\/web\/blog\/2026\/04\/29\/siento-luego-existo\/#breadcrumb\"},\"inLanguage\":\"es\",\"potentialAction\":[{\"@type\":\"ReadAction\",\"target\":[\"https:\/\/iesolapaz.educacion.navarra.es\/web\/blog\/2026\/04\/29\/siento-luego-existo\/\"]}]},{\"@type\":\"BreadcrumbList\",\"@id\":\"https:\/\/iesolapaz.educacion.navarra.es\/web\/blog\/2026\/04\/29\/siento-luego-existo\/#breadcrumb\",\"itemListElement\":[{\"@type\":\"ListItem\",\"position\":1,\"name\":\"Home\",\"item\":\"https:\/\/iesolapaz.educacion.navarra.es\/web\/\"},{\"@type\":\"ListItem\",\"position\":2,\"name\":\"Siento luego existo\"}]},{\"@type\":\"WebSite\",\"@id\":\"https:\/\/iesolapaz.educacion.navarra.es\/web\/#website\",\"url\":\"https:\/\/iesolapaz.educacion.navarra.es\/web\/\",\"name\":\"IESO La Paz de Cintru\u00e9nigo\",\"description\":\"Sitio web del IESO La Paz de Cintru\u00e9nigo\",\"potentialAction\":[{\"@type\":\"SearchAction\",\"target\":{\"@type\":\"EntryPoint\",\"urlTemplate\":\"https:\/\/iesolapaz.educacion.navarra.es\/web\/?s={search_term_string}\"},\"query-input\":\"required name=search_term_string\"}],\"inLanguage\":\"es\"},{\"@type\":\"Person\",\"@id\":\"https:\/\/iesolapaz.educacion.navarra.es\/web\/#\/schema\/person\/0454bd136e2e88d19d61dc29db3c488c\",\"name\":\"Administrador\",\"image\":{\"@type\":\"ImageObject\",\"inLanguage\":\"es\",\"@id\":\"https:\/\/iesolapaz.educacion.navarra.es\/web\/#\/schema\/person\/image\/\",\"url\":\"https:\/\/secure.gravatar.com\/avatar\/3a6c7a49dbdb482aca57896eaf84d2e9?s=96&d=identicon&r=g\",\"contentUrl\":\"https:\/\/secure.gravatar.com\/avatar\/3a6c7a49dbdb482aca57896eaf84d2e9?s=96&d=identicon&r=g\",\"caption\":\"Administrador\"},\"url\":\"https:\/\/iesolapaz.educacion.navarra.es\/web\/blog\/author\/iesocintwpadmin\/\"}]}<\/script>\n<!-- \/ Yoast SEO plugin. -->","yoast_head_json":{"title":"Siento luego existo - IESO La Paz de Cintru\u00e9nigo","robots":{"index":"index","follow":"follow","max-snippet":"max-snippet:-1","max-image-preview":"max-image-preview:large","max-video-preview":"max-video-preview:-1"},"canonical":"https:\/\/iesolapaz.educacion.navarra.es\/web\/blog\/2026\/04\/29\/siento-luego-existo\/","og_locale":"es_ES","og_type":"article","og_title":"Siento luego existo - IESO La Paz de Cintru\u00e9nigo","og_description":"El pasado 27 de febrero un grupo de alumnos y alumnas del IESO La Paz participaron en la 2\u00aa edici\u00f3n de microrrelatos. El t\u00edtulo de esta edici\u00f3n es \u201cSiento luego Existo\u201d. Cada participante eligi\u00f3 un sentimiento al azar y escribi\u00f3 un relato bas\u00e1ndose en ese sentimiento. Los ganadores son: En castellano: Nagore Gonz\u00e1lez, Hiba Benabid, [&hellip;]","og_url":"https:\/\/iesolapaz.educacion.navarra.es\/web\/blog\/2026\/04\/29\/siento-luego-existo\/","og_site_name":"IESO La Paz de Cintru\u00e9nigo","article_published_time":"2026-04-29T10:31:23+00:00","article_modified_time":"2026-04-29T10:31:26+00:00","og_image":[{"width":1920,"height":1080,"url":"https:\/\/iesolapaz.educacion.navarra.es\/web\/wp-content\/uploads\/2026\/04\/Screenshot-2026-03-27-11.40.48.png","type":"image\/png"}],"author":"Administrador","twitter_card":"summary_large_image","twitter_misc":{"Escrito por":"Administrador","Tiempo de lectura":"2 minutos"},"schema":{"@context":"https:\/\/schema.org","@graph":[{"@type":"WebPage","@id":"https:\/\/iesolapaz.educacion.navarra.es\/web\/blog\/2026\/04\/29\/siento-luego-existo\/","url":"https:\/\/iesolapaz.educacion.navarra.es\/web\/blog\/2026\/04\/29\/siento-luego-existo\/","name":"Siento luego existo - IESO La Paz de Cintru\u00e9nigo","isPartOf":{"@id":"https:\/\/iesolapaz.educacion.navarra.es\/web\/#website"},"datePublished":"2026-04-29T10:31:23+00:00","dateModified":"2026-04-29T10:31:26+00:00","author":{"@id":"https:\/\/iesolapaz.educacion.navarra.es\/web\/#\/schema\/person\/0454bd136e2e88d19d61dc29db3c488c"},"breadcrumb":{"@id":"https:\/\/iesolapaz.educacion.navarra.es\/web\/blog\/2026\/04\/29\/siento-luego-existo\/#breadcrumb"},"inLanguage":"es","potentialAction":[{"@type":"ReadAction","target":["https:\/\/iesolapaz.educacion.navarra.es\/web\/blog\/2026\/04\/29\/siento-luego-existo\/"]}]},{"@type":"BreadcrumbList","@id":"https:\/\/iesolapaz.educacion.navarra.es\/web\/blog\/2026\/04\/29\/siento-luego-existo\/#breadcrumb","itemListElement":[{"@type":"ListItem","position":1,"name":"Home","item":"https:\/\/iesolapaz.educacion.navarra.es\/web\/"},{"@type":"ListItem","position":2,"name":"Siento luego existo"}]},{"@type":"WebSite","@id":"https:\/\/iesolapaz.educacion.navarra.es\/web\/#website","url":"https:\/\/iesolapaz.educacion.navarra.es\/web\/","name":"IESO La Paz de Cintru\u00e9nigo","description":"Sitio web del IESO La Paz de Cintru\u00e9nigo","potentialAction":[{"@type":"SearchAction","target":{"@type":"EntryPoint","urlTemplate":"https:\/\/iesolapaz.educacion.navarra.es\/web\/?s={search_term_string}"},"query-input":"required name=search_term_string"}],"inLanguage":"es"},{"@type":"Person","@id":"https:\/\/iesolapaz.educacion.navarra.es\/web\/#\/schema\/person\/0454bd136e2e88d19d61dc29db3c488c","name":"Administrador","image":{"@type":"ImageObject","inLanguage":"es","@id":"https:\/\/iesolapaz.educacion.navarra.es\/web\/#\/schema\/person\/image\/","url":"https:\/\/secure.gravatar.com\/avatar\/3a6c7a49dbdb482aca57896eaf84d2e9?s=96&d=identicon&r=g","contentUrl":"https:\/\/secure.gravatar.com\/avatar\/3a6c7a49dbdb482aca57896eaf84d2e9?s=96&d=identicon&r=g","caption":"Administrador"},"url":"https:\/\/iesolapaz.educacion.navarra.es\/web\/blog\/author\/iesocintwpadmin\/"}]}},"featured_image_src":"https:\/\/iesolapaz.educacion.navarra.es\/web\/wp-content\/uploads\/2026\/04\/Screenshot-2026-03-27-11.40.48-600x400.png","featured_image_src_square":"https:\/\/iesolapaz.educacion.navarra.es\/web\/wp-content\/uploads\/2026\/04\/Screenshot-2026-03-27-11.40.48-600x600.png","author_info":{"display_name":"Administrador","author_link":"https:\/\/iesolapaz.educacion.navarra.es\/web\/blog\/author\/iesocintwpadmin\/"},"_links":{"self":[{"href":"https:\/\/iesolapaz.educacion.navarra.es\/web\/wp-json\/wp\/v2\/posts\/3265"}],"collection":[{"href":"https:\/\/iesolapaz.educacion.navarra.es\/web\/wp-json\/wp\/v2\/posts"}],"about":[{"href":"https:\/\/iesolapaz.educacion.navarra.es\/web\/wp-json\/wp\/v2\/types\/post"}],"author":[{"embeddable":true,"href":"https:\/\/iesolapaz.educacion.navarra.es\/web\/wp-json\/wp\/v2\/users\/1"}],"replies":[{"embeddable":true,"href":"https:\/\/iesolapaz.educacion.navarra.es\/web\/wp-json\/wp\/v2\/comments?post=3265"}],"version-history":[{"count":1,"href":"https:\/\/iesolapaz.educacion.navarra.es\/web\/wp-json\/wp\/v2\/posts\/3265\/revisions"}],"predecessor-version":[{"id":3274,"href":"https:\/\/iesolapaz.educacion.navarra.es\/web\/wp-json\/wp\/v2\/posts\/3265\/revisions\/3274"}],"wp:featuredmedia":[{"embeddable":true,"href":"https:\/\/iesolapaz.educacion.navarra.es\/web\/wp-json\/wp\/v2\/media\/3266"}],"wp:attachment":[{"href":"https:\/\/iesolapaz.educacion.navarra.es\/web\/wp-json\/wp\/v2\/media?parent=3265"}],"wp:term":[{"taxonomy":"category","embeddable":true,"href":"https:\/\/iesolapaz.educacion.navarra.es\/web\/wp-json\/wp\/v2\/categories?post=3265"},{"taxonomy":"post_tag","embeddable":true,"href":"https:\/\/iesolapaz.educacion.navarra.es\/web\/wp-json\/wp\/v2\/tags?post=3265"}],"curies":[{"name":"wp","href":"https:\/\/api.w.org\/{rel}","templated":true}]}}